{"id":7531,"date":"2015-07-29T16:44:10","date_gmt":"2015-07-29T16:44:10","guid":{"rendered":"http:\/\/rurallascolonias.com.ar\/?p=7531"},"modified":"2015-07-29T16:44:10","modified_gmt":"2015-07-29T16:44:10","slug":"una-propuesta-para-el-precio-de-la-leche-sin-definiciones","status":"publish","type":"post","link":"http:\/\/rurallascolonias.com.ar\/?p=7531","title":{"rendered":"Una propuesta para el precio de la leche sin definiciones"},"content":{"rendered":"<p><strong><em><a href=\"http:\/\/rurallascolonias.com.ar\/wp-content\/uploads\/2015\/07\/vacas-3.png\"><img loading=\"lazy\" class=\"aligncenter size-full wp-image-7532\" src=\"http:\/\/rurallascolonias.com.ar\/wp-content\/uploads\/2015\/07\/vacas-3.png\" alt=\"vacas 3\" width=\"225\" height=\"225\" srcset=\"http:\/\/rurallascolonias.com.ar\/wp-content\/uploads\/2015\/07\/vacas-3.png 225w, http:\/\/rurallascolonias.com.ar\/wp-content\/uploads\/2015\/07\/vacas-3-150x150.png 150w\" sizes=\"(max-width: 225px) 100vw, 225px\" \/><\/a>En la reuni\u00f3n t\u00e9cnica cumplida ayer en Buenos Aires no hubo decisiones para mejorar las condiciones de pago al productor. De todos modos en los pasillos ya se habl\u00f3 de los n\u00fameros a la baja para abonar en agosto<\/em><\/strong><!--more--><\/p>\n<p>Fue media hora m\u00e1s tarde de lo planeado que ayer por la tarde dio comienzo el encuentro t\u00e9cnico, en el Ministerio de Econom\u00eda de la Naci\u00f3n, para poder debatir alternativas vinculadas al precio de la leche. En un marco de bajas internacionales, de saturaci\u00f3n de producto, de sobrestock, de baja demanda, de falta de generaci\u00f3n de nuevos canales de comercializaci\u00f3n, pero sobre todo, de bajas en los pagos por la materia prima que entregan los tamberos a las industrias, la reuni\u00f3n de ayer dej\u00f3 pocas respuestas iniciales.<br \/>\nMientras algunos nuevos dirigentes se siguen lamentando por no haber podido gestionar la recuperaci\u00f3n de esos n\u00fameros en el encuentro de la semana pasada, que termin\u00f3 liberando la toma de plantas, hubo otros que fueron m\u00e1s dispuestos a seguir hacia adelante, a dejar de repasar lo acontecido, a abandonar los malos modos y a buscar alternativas.<br \/>\nComo era de esperarse los resultados fueron pocos, porque sin una palabra positiva por parte de las industrias, representadas por el Centro de la Industria Lechera, de la Junta Intercooperativa de Leche y de la Asociaci\u00f3n de Peque\u00f1as y Medianas Empresas L\u00e1cteas, el encuentro que se prolong\u00f3 durante cuatro horas en el que particip\u00f3 Ariel Langer, como subsecretario de Comercio Interior; y su par de lecher\u00eda, Jorge Videla, tuvo tambi\u00e9n la presencia de Ider Peretti, que como la semana anterior dijo presente sin entender muchos de los protagonistas la raz\u00f3n del hecho. Por parte de las entidades productivas participaron Federaci\u00f3n Agraria Argentina, Coninagro, Confederaciones Rurales Argentinas, Meprolsafe, Caprolec y Apla.<br \/>\nCon la sola propuesta de intentar avanzar hacia un desdoblamiento de precios, entre la leche destinada a exportaci\u00f3n y la que reste para el mercado interno y as\u00ed mejorar la ecuaci\u00f3n hacia el eslab\u00f3n primario, la cita traslad\u00f3 al pr\u00f3ximo martes una respuesta al respecto, pero tambi\u00e9n el compromiso de analizar la semana entrante la situaci\u00f3n futura de la lecher\u00eda.<br \/>\nCon estas pautas no es dif\u00edcil imaginar lo que venimos expresando desde este espacio, que es una falta absoluta de acci\u00f3n en el sentido buscado, m\u00e1s all\u00e1 de las definiciones tomadas en el \u00e1mbito de debate. Lamentablemente se repite el esquema de la crisis de 2012, incluso en esta sucesi\u00f3n de reuniones para hallar una salida posible.<br \/>\nEs destacable que en la previa de la reuni\u00f3n se estuvieron conociendo algunas estimaciones de precios para la leche que se sigue entregando en este mes y que se pagar\u00e1 desde el 10 de agosto aproximadamente, con cifras que van desde los 2,95 a los 2,60, bajando incluso la perspectiva que hab\u00eda dado una empresa hace un mes y medio de llegar a setiembre con 2,70 por litro. El marco internacional, las compensaciones que no alcanzan a todos, la falta de decisi\u00f3n pol\u00edtica, todo afecta a una lecher\u00eda muy herida y que a\u00fan no vive el pico de esta crisis que tendr\u00e1 hasta bien entrado 2016 tiempos de prueba muy complejos, donde resistir\u00e1n unos pocos, si es que la frazada del Estado no llega a cubrir a los m\u00e1s necesitados, tanto en la industria, como en la producci\u00f3n.<\/p>\n<p>Todos reclaman<\/p>\n<p>Lentamente y a horas del reclamo de Apla y ATILRA, que desencaden\u00f3 el derrame de millones de litros de leche, a\u00fan no calculados concretamente, aparece la iniciativa de Atlara, esta entidad que representa a unos cien propietarios de camiones que transportan materia prima de los tambos a las industrias.<br \/>\nSer\u00e1 el viernes a partir de las 21 en en el sal\u00f3n del Centro Comercial de Morteros, que la Asociaci\u00f3n de Transportistas de Leche de la Rep\u00fablica Argentina se re\u00fana abriendo el encuentro a empresarios del transporte sectorial, socios o no, para dar \u201ctratamiento a las estrategias a seguir para lograr la recomposici\u00f3n tarifaria en el marco del estado de alerta y movilizaci\u00f3n que vienen manteniendo\u201d, seg\u00fan expresan en un comunicado.<br \/>\n\u201cLos transportistas recolectores en tambos sufren desde hace varios a\u00f1os un alto desfasaje en las tarifas, las que al 30 de junio de 2015 se encuentran retrasadas en un 31,50 %. A partir del mes de julio los transportistas deben afrontar un aumento en la escala salarial de los ch\u00f3feres de un 18 %, impactando este incremento del rubro personal en un 6 % en el valor de las tarifas, lo que sumado a los incrementos de costos generales en lo que va del a\u00f1o llega al 11,50 %, mientras que las industrias en promedio solo otorgaron un 3 % de ajuste durante el primer semestre. El desfasaje de un 23 % en las tarifas arrastrado desde el a\u00f1o anterior, sumado al 8,5 % de incrementos no reconocidos este a\u00f1o, totalizan un deterioro del 31,50 % del valor real que deber\u00edan percibir los transportistas recolectores de leche, haciendo insostenible la actividad por las p\u00e9rdidas que sufren al prestar el servicio, permaneciendo en estado de alerta y movilizaci\u00f3n\u201d.<br \/>\nSer\u00e1 este un cap\u00edtulo m\u00e1s en la historia de los reclamos, que con el precedente de la semana anterior, plantea una mirada expectante al respecto y sobre la posibilidad de poder volver a afectar la recolecci\u00f3n de leche en cada punto productivo.<br \/>\nPor Elida Thiery<\/p>\n<p>Fuente: diariocastellanos.net<\/p>\n<p>&nbsp;<\/p>\n","protected":false},"excerpt":{"rendered":"<p>En la reuni\u00f3n t\u00e9cnica cumplida ayer en Buenos Aires no hubo decisiones para mejorar las condiciones de pago al productor. De todos modos en los pasillos ya se habl\u00f3 de los n\u00fameros a la baja para abonar en agosto<\/p>\n","protected":false},"author":5,"featured_media":0,"comment_status":"open","ping_status":"open","sticky":false,"template":"","format":"standard","meta":[],"categories":[46,33],"tags":[566,1001],"_links":{"self":[{"href":"http:\/\/rurallascolonias.com.ar\/index.php?rest_route=\/wp\/v2\/posts\/7531"}],"collection":[{"href":"http:\/\/rurallascolonias.com.ar\/index.php?rest_route=\/wp\/v2\/posts"}],"about":[{"href":"http:\/\/rurallascolonias.com.ar\/index.php?rest_route=\/wp\/v2\/types\/post"}],"author":[{"embeddable":true,"href":"http:\/\/rurallascolonias.com.ar\/index.php?rest_route=\/wp\/v2\/users\/5"}],"replies":[{"embeddable":true,"href":"http:\/\/rurallascolonias.com.ar\/index.php?rest_route=%2Fwp%2Fv2%2Fcomments&post=7531"}],"version-history":[{"count":1,"href":"http:\/\/rurallascolonias.com.ar\/index.php?rest_route=\/wp\/v2\/posts\/7531\/revisions"}],"predecessor-version":[{"id":7533,"href":"http:\/\/rurallascolonias.com.ar\/index.php?rest_route=\/wp\/v2\/posts\/7531\/revisions\/7533"}],"wp:attachment":[{"href":"http:\/\/rurallascolonias.com.ar\/index.php?rest_route=%2Fwp%2Fv2%2Fmedia&parent=7531"}],"wp:term":[{"taxonomy":"category","embeddable":true,"href":"http:\/\/rurallascolonias.com.ar\/index.php?rest_route=%2Fwp%2Fv2%2Fcategories&post=7531"},{"taxonomy":"post_tag","embeddable":true,"href":"http:\/\/rurallascolonias.com.ar\/index.php?rest_route=%2Fwp%2Fv2%2Ftags&post=7531"}],"curies":[{"name":"wp","href":"https:\/\/api.w.org\/{rel}","templated":true}]}}