{"id":7527,"date":"2015-07-29T16:08:45","date_gmt":"2015-07-29T16:08:45","guid":{"rendered":"http:\/\/rurallascolonias.com.ar\/?p=7527"},"modified":"2015-07-29T16:08:45","modified_gmt":"2015-07-29T16:08:45","slug":"atlara-convoca-a-transportistas-lecheros-para-analizar-actualidad-del-sector","status":"publish","type":"post","link":"http:\/\/rurallascolonias.com.ar\/?p=7527","title":{"rendered":"ATLARA convoca a transportistas lecheros para analizar actualidad del sector"},"content":{"rendered":"<p><em><strong><a href=\"http:\/\/rurallascolonias.com.ar\/wp-content\/uploads\/2015\/07\/vaca.jpg\"><img loading=\"lazy\" class=\"aligncenter size-full wp-image-7528\" src=\"http:\/\/rurallascolonias.com.ar\/wp-content\/uploads\/2015\/07\/vaca.jpg\" alt=\"vaca\" width=\"275\" height=\"183\" \/><\/a>La recomposici\u00f3n tarifaria, la participaci\u00f3n en el conflicto lechero junto a Apla y Atilra y la integraci\u00f3n a la mesa pol\u00edtica \u2013 t\u00e9cnica nacional ser\u00e1n los temas que tratar\u00e1 Atlara en reuni\u00f3n abierta para este viernes 31, a las 21 en el sal\u00f3n del Centro Comercial de Morteros, Cba. La convocatoria es abierta a la totalidad de los empresarios del transporte recolector de leche en tambos, est\u00e9n o no asociados a Atlara\u2026<\/strong><\/em><!--more--><\/p>\n<p>En el transcurso de la misma la comisi\u00f3n directiva de Atlara brindar\u00e1 un pormenorizado informe acerca del desarrollo del conflicto lechero, los logros obtenidos a trav\u00e9s de la integraci\u00f3n con Apla y Atilra y la participaci\u00f3n en la mesa pol\u00edtica \u2013 t\u00e9cnica como actor protag\u00f3nico de la producci\u00f3n primaria de la lecher\u00eda nacional, constituida entre los distintos actores del entramado lechero y el gobierno nacional.<\/p>\n<p>En la referida reuni\u00f3n abierta a la totalidad de los empresarios del transporte recolector de leche, est\u00e9n o no asociados a la entidad dar\u00e1n tratamiento a las estrategias a seguir para lograr la recomposici\u00f3n tarifaria en el marco del estado de alerta y movilizaci\u00f3n que vienen manteniendo.<\/p>\n<p>Los transportistas recolectores en tambos sufren desde hace varios a\u00f1os un alto desfasaje en las tarifas, las que al 30 de junio de 2015 se encuentran retrasadas en un 31,50 %.<\/p>\n<p>A partir del mes de julio los transportistas deben afrontar un aumento en la escala salarial de los ch\u00f3feres de un 18 %, impactando este incremento del rubro personal en un 6 % en el valor de las tarifas, lo que sumado a los incrementos de costos generales en lo que va del a\u00f1o llega al 11,50 %, mientras que las industrias en promedio solo otorgaron un 3 % de ajuste durante el primer semestre.<\/p>\n<p>El desfasaje de un 23 % en las tarifas arrastrado desde el a\u00f1o anterior, sumado al 8,5 % de incrementos no reconocidos este a\u00f1o, totalizan un deterioro del 31,50 % del valor real que deber\u00edan percibir los transportistas recolectores de leche, haciendo insostenible la actividad por las p\u00e9rdidas que sufren al prestar el servicio, permaneciendo en estado de alerta y movilizaci\u00f3n.<br \/>\nhttp:\/\/www.laradio1029.com.ar<\/p>\n","protected":false},"excerpt":{"rendered":"<p>La recomposici\u00f3n tarifaria, la participaci\u00f3n en el conflicto lechero junto a Apla y Atilra y la integraci\u00f3n a la mesa pol\u00edtica \u2013 t\u00e9cnica nacional ser\u00e1n los temas que tratar\u00e1 Atlara en reuni\u00f3n abierta para este viernes 31, a las 21 en el sal\u00f3n del Centro Comercial de Morteros, Cba. La convocatoria es abierta a la [&hellip;]<\/p>\n","protected":false},"author":5,"featured_media":0,"comment_status":"open","ping_status":"open","sticky":false,"template":"","format":"standard","meta":[],"categories":[46],"tags":[1446,1603,2194],"_links":{"self":[{"href":"http:\/\/rurallascolonias.com.ar\/index.php?rest_route=\/wp\/v2\/posts\/7527"}],"collection":[{"href":"http:\/\/rurallascolonias.com.ar\/index.php?rest_route=\/wp\/v2\/posts"}],"about":[{"href":"http:\/\/rurallascolonias.com.ar\/index.php?rest_route=\/wp\/v2\/types\/post"}],"author":[{"embeddable":true,"href":"http:\/\/rurallascolonias.com.ar\/index.php?rest_route=\/wp\/v2\/users\/5"}],"replies":[{"embeddable":true,"href":"http:\/\/rurallascolonias.com.ar\/index.php?rest_route=%2Fwp%2Fv2%2Fcomments&post=7527"}],"version-history":[{"count":1,"href":"http:\/\/rurallascolonias.com.ar\/index.php?rest_route=\/wp\/v2\/posts\/7527\/revisions"}],"predecessor-version":[{"id":7529,"href":"http:\/\/rurallascolonias.com.ar\/index.php?rest_route=\/wp\/v2\/posts\/7527\/revisions\/7529"}],"wp:attachment":[{"href":"http:\/\/rurallascolonias.com.ar\/index.php?rest_route=%2Fwp%2Fv2%2Fmedia&parent=7527"}],"wp:term":[{"taxonomy":"category","embeddable":true,"href":"http:\/\/rurallascolonias.com.ar\/index.php?rest_route=%2Fwp%2Fv2%2Fcategories&post=7527"},{"taxonomy":"post_tag","embeddable":true,"href":"http:\/\/rurallascolonias.com.ar\/index.php?rest_route=%2Fwp%2Fv2%2Ftags&post=7527"}],"curies":[{"name":"wp","href":"https:\/\/api.w.org\/{rel}","templated":true}]}}