{"id":7519,"date":"2015-07-28T17:31:06","date_gmt":"2015-07-28T17:31:06","guid":{"rendered":"http:\/\/rurallascolonias.com.ar\/?p=7519"},"modified":"2015-07-28T17:31:06","modified_gmt":"2015-07-28T17:31:06","slug":"aseguran-que-la-demanda-de-trigo-crecera-un-60-para-2050","status":"publish","type":"post","link":"http:\/\/rurallascolonias.com.ar\/?p=7519","title":{"rendered":"Aseguran que la demanda de trigo crecer\u00e1 un 60% para 2050"},"content":{"rendered":"<p><a href=\"http:\/\/rurallascolonias.com.ar\/wp-content\/uploads\/2015\/07\/trigo-2.jpg\"><img loading=\"lazy\" class=\"aligncenter size-full wp-image-7232\" src=\"http:\/\/rurallascolonias.com.ar\/wp-content\/uploads\/2015\/07\/trigo-2.jpg\" alt=\"trigo 2\" width=\"306\" height=\"165\" srcset=\"http:\/\/rurallascolonias.com.ar\/wp-content\/uploads\/2015\/07\/trigo-2.jpg 306w, http:\/\/rurallascolonias.com.ar\/wp-content\/uploads\/2015\/07\/trigo-2-300x162.jpg 300w\" sizes=\"(max-width: 306px) 100vw, 306px\" \/><\/a>Para enfrentar este desaf\u00edo mundial, se plante\u00f3 una iniciativa internacional \u2013de la que participan t\u00e9cnicos del INTA y del Conicet\u2013 a fin de intercambiar recursos y capacidades para aumentar su producci\u00f3n sustentable<!--more--><\/p>\n<p>Considerado por los especialistas como un alimento b\u00e1sico, el trigo es un cultivo que aporta el 20 por ciento del total de las calor\u00edas y prote\u00ednas de la alimentaci\u00f3n mundial. Como es sabido, la poblaci\u00f3n aumentar\u00e1 a 9,2 millones de habitantes y, en consecuencia, la demanda de este cultivo trepar\u00e1 un 60 por ciento. En este contexto, surge la Iniciativa en Trigo de la que participan, en representaci\u00f3n de la Argentina, investigadores del INTA y del Conicet.<\/p>\n<p>Se trata de una propuesta, motorizada por Francia y avalada por los ministros de Agricultura de los pa\u00edses miembro del G20, que busca adelantarse a las demandas futuras de alimentos en un mundo intimidado por el cambio clim\u00e1tico, la limitada superficie cultivable, la competencia de los biocombustibles y el posible aumento de precios.<\/p>\n<p>En representaci\u00f3n de la Argentina participan Gabriela Tranquilli \u2013del Instituto de Recursos Biol\u00f3gicos INTA Castelar\u2013, Marcelo Helguera \u2013del INTA Marcos Ju\u00e1rez, C\u00f3rdoba\u2013 y Viviana Echenique \u2013Centro de Recursos Naturales Renovables de la Zona Semi\u00e1rida del Conicet\u2013.<\/p>\n<p>As\u00ed, junto a otros especialistas del mundo, intercambian recursos y capacidades, al tiempo que coordinan sus investigaciones gen\u00e9ticas, gen\u00f3micas, fisiol\u00f3gicas, agron\u00f3micas y de mejoramiento del cultivo a fin de aumentar su producci\u00f3n sostenible.<\/p>\n<p>Tranquilli destac\u00f3 la importancia de la participaci\u00f3n argentina en esta iniciativa por \u201credundar en beneficios\u201d para las investigaciones realizadas en el INTA. \u201cVisibilizar las problem\u00e1ticas priorizadas para el cultivo estimula la interacci\u00f3n con grupos extranjeros lo que potencia las capacidades de ambos\u201d, asegur\u00f3.<\/p>\n<div class=\"separador_2\"><\/div>\n<p><span class=\"texto_13_gris\"><em>Fuente: <\/em> <strong>SM &#8211; Campo en Acci\u00f3n <\/strong><\/span><\/p>\n","protected":false},"excerpt":{"rendered":"<p>Para enfrentar este desaf\u00edo mundial, se plante\u00f3 una iniciativa internacional \u2013de la que participan t\u00e9cnicos del INTA y del Conicet\u2013 a fin de intercambiar recursos y capacidades para aumentar su producci\u00f3n sustentable<\/p>\n","protected":false},"author":5,"featured_media":0,"comment_status":"open","ping_status":"open","sticky":false,"template":"","format":"standard","meta":[],"categories":[18],"tags":[2192],"_links":{"self":[{"href":"http:\/\/rurallascolonias.com.ar\/index.php?rest_route=\/wp\/v2\/posts\/7519"}],"collection":[{"href":"http:\/\/rurallascolonias.com.ar\/index.php?rest_route=\/wp\/v2\/posts"}],"about":[{"href":"http:\/\/rurallascolonias.com.ar\/index.php?rest_route=\/wp\/v2\/types\/post"}],"author":[{"embeddable":true,"href":"http:\/\/rurallascolonias.com.ar\/index.php?rest_route=\/wp\/v2\/users\/5"}],"replies":[{"embeddable":true,"href":"http:\/\/rurallascolonias.com.ar\/index.php?rest_route=%2Fwp%2Fv2%2Fcomments&post=7519"}],"version-history":[{"count":1,"href":"http:\/\/rurallascolonias.com.ar\/index.php?rest_route=\/wp\/v2\/posts\/7519\/revisions"}],"predecessor-version":[{"id":7520,"href":"http:\/\/rurallascolonias.com.ar\/index.php?rest_route=\/wp\/v2\/posts\/7519\/revisions\/7520"}],"wp:attachment":[{"href":"http:\/\/rurallascolonias.com.ar\/index.php?rest_route=%2Fwp%2Fv2%2Fmedia&parent=7519"}],"wp:term":[{"taxonomy":"category","embeddable":true,"href":"http:\/\/rurallascolonias.com.ar\/index.php?rest_route=%2Fwp%2Fv2%2Fcategories&post=7519"},{"taxonomy":"post_tag","embeddable":true,"href":"http:\/\/rurallascolonias.com.ar\/index.php?rest_route=%2Fwp%2Fv2%2Ftags&post=7519"}],"curies":[{"name":"wp","href":"https:\/\/api.w.org\/{rel}","templated":true}]}}