{"id":7516,"date":"2015-07-28T17:01:50","date_gmt":"2015-07-28T17:01:50","guid":{"rendered":"http:\/\/rurallascolonias.com.ar\/?p=7516"},"modified":"2015-07-28T17:01:50","modified_gmt":"2015-07-28T17:01:50","slug":"empiezan-a-definir-tecnicamente-el-precio-de-la-leche-en-medio-de-la-crisis","status":"publish","type":"post","link":"http:\/\/rurallascolonias.com.ar\/?p=7516","title":{"rendered":"Empiezan a definir t\u00e9cnicamente el precio de la leche en medio de la crisis"},"content":{"rendered":"<p><strong><em><a href=\"http:\/\/rurallascolonias.com.ar\/wp-content\/uploads\/2015\/07\/crisis-de-la-leche.png\"><img loading=\"lazy\" class=\"aligncenter size-full wp-image-7517\" src=\"http:\/\/rurallascolonias.com.ar\/wp-content\/uploads\/2015\/07\/crisis-de-la-leche.png\" alt=\"crisis de la leche\" width=\"284\" height=\"177\" \/><\/a>Esa es la intenci\u00f3n de la reuni\u00f3n que esta tarde, desde las 15 se llevar\u00e1 a cabo en el Ministerio de Econom\u00eda<\/em> <em>para que representantes t\u00e9cnicos de las entidades y la industria puedan debatir las alternativas para sustentar meses de valores \u00ednfimos para la materia prima, los productos y las exportaciones sectoriales<\/em><\/strong><!--more--><\/p>\n<p>Durante el fin de semana, lentamente, se fue normalizando la provisi\u00f3n de materia prima a las industrias, son hoy algunas cooperativas m\u00e1s peque\u00f1as las que muestran signos de la alteraci\u00f3n que dej\u00f3 como consecuencia el bloqueo y posterior paro nacional de ATILRA. Luego de la reuni\u00f3n del jueves, de cierto acuerdo, todo se prepara para que esta tarde se empiecen a debatir las alternativas de mejora estructural de los precios, cuando el mercado atraviesa tanto interna como externamente, una de las peores crisis conocidas, incluyendo la de 2001.<br \/>\nAPLA, la entidad que motiv\u00f3 las tomas de plantas que derivaron en el derrame de miles de litros de producci\u00f3n durante la semana pasada, intenta convencerse que semejante hecho sirvi\u00f3 de mucho, mientras la industria no termina de asegurar el pago de todos los litros desechados, adem\u00e1s de dejar bien en claro que los precios no se retrotraer\u00e1n a mayo y mucho menos cesar\u00e1n de bajar, sino que se intentar\u00e1 sostenerlos en un n\u00famero lo m\u00e1s similar posible a los pagos de junio, para el pr\u00f3ximo mes. Mientras algunos de los productores que apoyaron los bloqueos y la acci\u00f3n, hoy se arrepienten por no haber conseguido mejora alguna concreta y seguir\u00e1n navegando en los mares de la indefinici\u00f3n eterna lechera, la nueva entidad por no tener personer\u00eda jur\u00eddica no accedi\u00f3 a la convocatoria de ayer por parte del Gobierno de Santa Fe.<br \/>\nAll\u00ed el ministro de la Producci\u00f3n, Carlos Fascendini recibi\u00f3 a representantes de entidades ligadas a los productores de la cadena de valor l\u00e1ctea con el fin de unificar una postura como provincia para elevar al Gobierno Nacional, en pos de resolver el conflicto en el que se encuentra el sector y junto al secretario del Sistema Agropecuario, Luis Contigiani, dialogaron con entidades correspondientes a la Confederaci\u00f3n de Asociaciones Rurales de la provincia de Santa Fe, la Mesa de Productores de la provincia de Santa Fe y Federaci\u00f3n Agraria Argentina.<br \/>\n\u201cSi bien ahora estamos en una especie de tregua, el problema a\u00fan no tiene una soluci\u00f3n y necesita de una fuerte intervenci\u00f3n del Gobierno Nacional para evitar que cierren industrias o sigamos perdiendo productores tamberos\u201d, se\u00f1al\u00f3 el funcionario, mientras los tamberos llevar\u00e1n a Buenos Aires hoy las propuestas adelantadas la semana anterior por CASTELLANOS. Contemplar la baja de retenciones en algunas exportaciones l\u00e1cteas, como puede ser el suero, generar un fondo compensador o antic\u00edclico que modere las diferencias de ingresos entre las industrias exportadoras y las m\u00e1s peque\u00f1as e incluso motivar desde el Estado un sistema de warrants, del estilo de los usados hasta 2008, por algunos sectores del campo. \u00c9sto es lo que se hab\u00eda acordado el lunes pasado, en el inicio del conflicto m\u00e1s duro, con el Cil y Apymel, con lo cual se puede estimar en un avance m\u00e1s certero, siempre y cuando la intervenci\u00f3n que tenga en el tema el Gobierno Nacional sea positiva y con la voluntad de tambi\u00e9n poner una parte de esfuerzo, ya sea pol\u00edtico o econ\u00f3mico, sobre todo para movilizar mercados que puedan absorber hoy los excedentes de hasta el 30 por ciento que tiene la industria l\u00e1ctea, siendo que varios de sus representantes tambi\u00e9n debatieron el tema y fijaron sus posturas ayer en pleno centro rafaelino.<br \/>\nEs remarcable que la semana anterior la Naci\u00f3n s\u00f3lo prest\u00f3 el espacio para el di\u00e1logo y con el nerviosismo l\u00f3gico de los funcionarios que fogonearon de varias maneras este conflicto, se aclar\u00f3 la imposibilidad de hacer m\u00e1s aportes econ\u00f3micos o de tomar decisiones de fondo de manera \u00e1gil para poder generar respuestas para los tamberos que m\u00e1s afectados est\u00e1n.<\/p>\n<p>Evaluaciones<\/p>\n<p>Fue ayer por la tarde en la sede local de Meprolsafe que su titular, Marcelo Aimaro, acompa\u00f1ado por parte de la Comisi\u00f3n Directiva, junto a Ricardo Andretich, vicepresidente de la Sociedad Rural de Rafaela y Ester Faggiano, directora del Distrito XII de Federaci\u00f3n, se reunieron para hacer un balance de lo acontecido en las \u00faltimas horas.<br \/>\nQued\u00f3 claro que el accionar de APLA y ATILRA fue \u201cinconsulto\u201d, generando una crisis extrema entre los productores que se vieron obligados a derramar leche y por representaciones no formales, ya que fue Aimaro quien destac\u00f3 que \u201clas entidades bien constituidas\u201d fueron las que pelearon en la reuni\u00f3n con la industria por el mejor acuerdo posible, ya que \u201cnunca se escuch\u00f3 la propuesta de otra cosa\u201d, en referencia a la mejora de precios o la recuperaci\u00f3n de cifras a mayo, sino que se qued\u00f3 el acuerdo con la firma de la buena voluntad de las empresas para evitar seguir cayendo de manera tan marcada en los precios, con un marco de declive internacional inevitable, que llevar\u00eda a la cotizaci\u00f3n internacional de la leche en polvo a los 1.500 d\u00f3lares hacia fin de a\u00f1o, marcando un quiebre inaudito para el sector.<br \/>\nPero en esta idea de \u201cceder las dos partes algo\u201d, como explic\u00f3 Faggiano que propuso el jueves, qued\u00f3 pendiente el encuentro de hoy, para el cual \u201chay que creer en las segundas oportunidades y ser optimistas porque hay muchos productores por detr\u00e1s de las entidades\u201d, dijo Aimaro en referencia al conflicto, en comparaci\u00f3n con 2012, donde se gener\u00f3 un espacio t\u00e9cnico de relevamiento de la rentabilidad de cada eslab\u00f3n de la cadena, se termin\u00f3 ese estudio de competitividad y por no ser favorable a lo que el Gobierno siempre predic\u00f3, jam\u00e1s se presentaron sus resultados. Pensar que hoy por hoy, en 15 d\u00edas, se puedan conocer resultados positivos de esta mesa t\u00e9cnica, es ser por dem\u00e1s optimista, algo que es tan dif\u00edcil en un marco de faltas de palabra, compromiso y trabajo por parte de los funcionarios de la Subsecretar\u00eda de Lecher\u00eda, seguidos por los de Econom\u00eda, que han llevado al sector a un estancamiento absoluto. Por eso se intentar\u00e1 dar pasos firmes y sencillos para poder \u201catenuar esta gran crisis\u201d, como la defini\u00f3 Andretich, destacando que el contexto internacional afecta a la Argentina como a ning\u00fan otro pa\u00eds productor.<br \/>\nEs manifiesta la diferencia de APLA con el resto de las entidades, que supieron evolucionar y superar las discrepancias que se arrastraban desde 2008. Contrariando a la violencia, a la fuerza mal aplicada, el di\u00e1logo es el camino para conseguir soluciones, siempre y cuando sea inteligente, claro y r\u00e1pido para poder arribar a los mejores acuerdos entre todos aquellos participantes de un segmento productivo que deber\u00eda poder campear la crisis, tener una espalda financiera m\u00ednima, un ordenamiento \u00ednfimo, para aguardar por las posibilidades que el a\u00f1o pr\u00f3ximo presentar\u00e1 y por las que aguardan todos los pa\u00edses productores, as\u00ed como los consumidores.<br \/>\nPor Elida Thiery \u2013<br \/>\nhttp:\/\/www.diariocastellanos.net<\/p>\n<p>&nbsp;<\/p>\n","protected":false},"excerpt":{"rendered":"<p>Esa es la intenci\u00f3n de la reuni\u00f3n que esta tarde, desde las 15 se llevar\u00e1 a cabo en el Ministerio de Econom\u00eda para que representantes t\u00e9cnicos de las entidades y la industria puedan debatir las alternativas para sustentar meses de valores \u00ednfimos para la materia prima, los productos y las exportaciones sectoriales<\/p>\n","protected":false},"author":5,"featured_media":0,"comment_status":"open","ping_status":"open","sticky":false,"template":"","format":"standard","meta":[],"categories":[46,33],"tags":[900,566],"_links":{"self":[{"href":"http:\/\/rurallascolonias.com.ar\/index.php?rest_route=\/wp\/v2\/posts\/7516"}],"collection":[{"href":"http:\/\/rurallascolonias.com.ar\/index.php?rest_route=\/wp\/v2\/posts"}],"about":[{"href":"http:\/\/rurallascolonias.com.ar\/index.php?rest_route=\/wp\/v2\/types\/post"}],"author":[{"embeddable":true,"href":"http:\/\/rurallascolonias.com.ar\/index.php?rest_route=\/wp\/v2\/users\/5"}],"replies":[{"embeddable":true,"href":"http:\/\/rurallascolonias.com.ar\/index.php?rest_route=%2Fwp%2Fv2%2Fcomments&post=7516"}],"version-history":[{"count":1,"href":"http:\/\/rurallascolonias.com.ar\/index.php?rest_route=\/wp\/v2\/posts\/7516\/revisions"}],"predecessor-version":[{"id":7518,"href":"http:\/\/rurallascolonias.com.ar\/index.php?rest_route=\/wp\/v2\/posts\/7516\/revisions\/7518"}],"wp:attachment":[{"href":"http:\/\/rurallascolonias.com.ar\/index.php?rest_route=%2Fwp%2Fv2%2Fmedia&parent=7516"}],"wp:term":[{"taxonomy":"category","embeddable":true,"href":"http:\/\/rurallascolonias.com.ar\/index.php?rest_route=%2Fwp%2Fv2%2Fcategories&post=7516"},{"taxonomy":"post_tag","embeddable":true,"href":"http:\/\/rurallascolonias.com.ar\/index.php?rest_route=%2Fwp%2Fv2%2Ftags&post=7516"}],"curies":[{"name":"wp","href":"https:\/\/api.w.org\/{rel}","templated":true}]}}