{"id":7493,"date":"2015-07-27T02:28:30","date_gmt":"2015-07-27T02:28:30","guid":{"rendered":"http:\/\/rurallascolonias.com.ar\/?p=7493"},"modified":"2015-07-27T02:28:30","modified_gmt":"2015-07-27T02:28:30","slug":"acuerdo-historico-en-la-cadena-de-las-carnes","status":"publish","type":"post","link":"http:\/\/rurallascolonias.com.ar\/?p=7493","title":{"rendered":"Acuerdo Hist\u00f3rico en la Cadena de las Carnes"},"content":{"rendered":"<p class=\"ecxMsoNormal\"><span style=\"color: windowtext; font-family: 'Calibri','sans-serif'; font-size: 12pt;\"><a href=\"http:\/\/rurallascolonias.com.ar\/wp-content\/uploads\/2015\/07\/acuerdo-hist\u00f3rico.png\"><img loading=\"lazy\" class=\"aligncenter size-full wp-image-7494\" src=\"http:\/\/rurallascolonias.com.ar\/wp-content\/uploads\/2015\/07\/acuerdo-hist\u00f3rico.png\" alt=\"acuerdo hist\u00f3rico\" width=\"312\" height=\"161\" srcset=\"http:\/\/rurallascolonias.com.ar\/wp-content\/uploads\/2015\/07\/acuerdo-hist\u00f3rico.png 312w, http:\/\/rurallascolonias.com.ar\/wp-content\/uploads\/2015\/07\/acuerdo-hist\u00f3rico-300x155.png 300w\" sizes=\"(max-width: 312px) 100vw, 312px\" \/><\/a>Los integrantes de la cadena de valor de las carnes presentar\u00e1n un acuerdo hist\u00f3rico que se alcanz\u00f3 para unir esfuerzos y propuestas, que permitir\u00e1n llevar adelante la creaci\u00f3n de nuevos puestos de trabajo en todas las provincias del pa\u00eds, el incremento de la producci\u00f3n para abastecer en cantidad y calidad al consumo interno y un mayor ingreso de divisas a trav\u00e9s de la recuperaci\u00f3n del mercado externo. \u00a0<\/span><!--more--><\/p>\n<p class=\"ecxMsoNormal\"><span style=\"color: windowtext; font-family: 'Calibri','sans-serif'; font-size: 12pt;\">Lo invitamos a participar de la presentaci\u00f3n que se llevar\u00e1 a cabo el <b><i><span style=\"text-decoration: underline;\">lunes 27 de julio, a partir de las 9.30,<\/span> en el marco de la 129\u00b0 Exposici\u00f3n de Ganader\u00eda, Agricultura e Industria Internacional, en el auditorio principal del predio de la Sociedad Rural Argentina en Palermo.<\/i><\/b><\/span><\/p>\n<p class=\"ecxMsoNormal\"><b><span style=\"background: yellow; color: windowtext; font-family: 'Calibri','sans-serif';\">El ingreso ser\u00e1 por Juncal 4431. Solicitamos acreditaci\u00f3n previa escribiendo a <a href=\"mailto:mlopez@sra.org.ar\"><span style=\"color: #0072c6;\">mlopez@sra.org.ar<\/span><\/a><\/span><\/b><\/p>\n<p class=\"ecxMsoNormal\"><b><span style=\"text-decoration: underline;\"><span style=\"font-family: 'Calibri','sans-serif'; font-size: 12pt;\">Programa<\/span><\/span><\/b><\/p>\n<p class=\"ecxMsoNormal\"><b><span style=\"font-family: 'Calibri','sans-serif';\">9.30: ACREDITACI\u00d3N<\/span><\/b><\/p>\n<p class=\"ecxMsoNormal\"><b><span style=\"font-family: 'Calibri','sans-serif';\">10 hs. -11.15 hs.: &#8211; POL\u00cdTICAS P\u00daBLICAS PARA QUE EL SECTOR DE CARNES VACUNAS EXPRESE TODO SU POTENCIAL<\/span><\/b><\/p>\n<p class=\"ecxMsoNormal\">\u00b7<span style=\"font-family: 'Times New Roman','serif'; font-size: 7pt;\">\u00a0\u00a0\u00a0\u00a0\u00a0\u00a0\u00a0\u00a0 <\/span><span style=\"font-family: 'Calibri','sans-serif';\">La gestaci\u00f3n de la propuesta \u2013 Palabras de David Lacroze. <\/span><\/p>\n<p class=\"ecxMsoNormal\">\u00b7<span style=\"font-family: 'Times New Roman','serif'; font-size: 7pt;\">\u00a0\u00a0\u00a0\u00a0\u00a0\u00a0\u00a0\u00a0 <\/span><span style=\"font-family: 'Calibri','sans-serif';\">El escenario de la carne vacuna y propuestas \u2013 Equipo t\u00e9cnico:<\/span> <span style=\"font-family: 'Calibri','sans-serif';\">Fernando Canosa<\/span><span style=\"color: #1f497d; font-family: 'Calibri','sans-serif';\">, <\/span><span style=\"font-family: 'Calibri','sans-serif';\">H\u00e9ctor Salamanco y V\u00edctor Tonelli.<\/span><\/p>\n<p class=\"ecxMsoNormal\">\u00b7<span style=\"font-family: 'Times New Roman','serif'; font-size: 7pt;\">\u00a0\u00a0\u00a0\u00a0\u00a0\u00a0\u00a0\u00a0 <\/span><span style=\"font-family: 'Calibri','sans-serif'; font-size: 12pt;\">Palabras de los representantes de las entidades que integran el acuerdo. <\/span><\/p>\n<p class=\"ecxMsoNormal\"><span style=\"font-family: 'Calibri','sans-serif';\">Moderador: H\u00e9ctor Huergo. <\/span><\/p>\n<p class=\"ecxMsoNormal\"><b><span style=\"font-family: 'Calibri','sans-serif';\">11.15 hs. -12.30 hs.: EL PR\u00d3XIMO GOBIERNO Y LA CARNE<\/span><\/b><\/p>\n<p class=\"ecxMsoNormal\"><span style=\"font-family: 'Calibri','sans-serif';\">Referentes de los partidos pol\u00edticos: Cambiemos, Frente Para la Victoria, Frente Progresista y Frente Renovador.<\/span><\/p>\n<p class=\"ecxMsoNormal\"><span style=\"font-family: 'Calibri','sans-serif';\">Moderador: F\u00e9lix Sammartino.<\/span><\/p>\n<p class=\"ecxMsoNormal\"><b><span style=\"font-family: 'Calibri','sans-serif';\">12.30 hs.: CIERRE LUIS MIGUEL ETCHEVEHERE, PRESIDENTE DE SRA. <\/span><\/b><\/p>\n<p class=\"ecxMsoNormal\"><b><span style=\"text-decoration: underline;\"><span style=\"font-family: 'Calibri','sans-serif'; font-size: 12pt;\">Integrantes del Acuerdo Hist\u00f3rico en la Cadena de las Carnes<\/span><\/span><\/b><\/p>\n<p class=\"ecxMsoNormal\"><span style=\"color: windowtext; font-family: 'Calibri','sans-serif';\">Asociaci\u00f3n Argentina de Angus <\/span><\/p>\n<p class=\"ecxMsoNormal\"><span style=\"color: windowtext; font-family: 'Calibri','sans-serif';\">Asociaci\u00f3n Argentina Criadores de Braford <\/span><\/p>\n<p class=\"ecxMsoNormal\"><span style=\"color: windowtext; font-family: 'Calibri','sans-serif';\">Asociaci\u00f3n Argentina Criadores de Hereford <\/span><\/p>\n<p class=\"ecxMsoNormal\"><span style=\"color: windowtext; font-family: 'Calibri','sans-serif';\">Asociaci\u00f3n Argentina de Brangus <\/span><\/p>\n<p class=\"ecxMsoNormal\"><span style=\"color: windowtext; font-family: 'Calibri','sans-serif';\">Asociaci\u00f3n de Productores Exportadores Argentinos (APEA)<\/span><\/p>\n<p class=\"ecxMsoNormal\"><span style=\"color: windowtext; font-family: 'Calibri','sans-serif';\">C\u00e1mara Argentina de Consignatarios de Ganado<\/span><\/p>\n<p class=\"ecxMsoNormal\"><span style=\"color: windowtext; font-family: 'Calibri','sans-serif';\">C\u00e1mara Argentina de Feedlot<\/span><\/p>\n<p class=\"ecxMsoNormal\"><span style=\"color: windowtext; font-family: 'Calibri','sans-serif';\">C\u00e1mara de Consignatarios Directos de Hacienda (CCDH)<\/span><\/p>\n<p class=\"ecxMsoNormal\"><span style=\"color: windowtext; font-family: 'Calibri','sans-serif';\">C\u00e1mara de la Industria Frigor\u00edfica Argentina (CIFA)<\/span><\/p>\n<p class=\"ecxMsoNormal\"><span style=\"color: windowtext; font-family: 'Calibri','sans-serif';\">C\u00e1mara de la Industria y Comercio de Carnes y Derivados de la Rep\u00fablica Argentina (CICCRA)<\/span><\/p>\n<p class=\"ecxMsoNormal\"><span style=\"color: windowtext; font-family: 'Calibri','sans-serif';\">Centro de Consignatarios de Productos del Pa\u00eds<\/span><\/p>\n<p class=\"ecxMsoNormal\"><span style=\"color: windowtext; font-family: 'Calibri','sans-serif';\">Centro Empresas Procesadoras Av\u00edcolas (CEPA)<\/span><\/p>\n<p class=\"ecxMsoNormal\"><span style=\"color: windowtext; font-family: 'Calibri','sans-serif';\">Confederaciones Rurales Argentinas (CRA)<\/span><\/p>\n<p class=\"ecxMsoNormal\"><span style=\"color: windowtext; font-family: 'Calibri','sans-serif';\">Confederaci\u00f3n Intercooperativa Agropecuaria (CONINAGRO)<\/span><\/p>\n<p class=\"ecxMsoNormal\"><span style=\"color: windowtext; font-family: 'Calibri','sans-serif';\">Consorcio de Exportadores de Carnes Argentinas (ABC)<\/span><\/p>\n<p class=\"ecxMsoNormal\"><span style=\"color: windowtext; font-family: 'Calibri','sans-serif';\">Federaci\u00f3n Agraria Argentina (FAA)<\/span><\/p>\n<p class=\"ecxMsoNormal\"><span style=\"color: windowtext; font-family: 'Calibri','sans-serif';\">Federaci\u00f3n de Sindicatos de Trabajadores de la Carne y Afines de la Rep\u00fablica Argentina (FESITCARA)<\/span><\/p>\n<p class=\"ecxMsoNormal\"><span style=\"color: windowtext; font-family: 'Calibri','sans-serif';\">Federaci\u00f3n Gremial\u00a0 del Personal de la Industria de la Carne y sus Derivados\u00a0 (Federaci\u00f3n Gremial)<\/span><\/p>\n<p class=\"ecxMsoNormal\"><span style=\"color: windowtext; font-family: 'Calibri','sans-serif';\">Sociedad Rural Argentina (SRA)<\/span><\/p>\n<p class=\"ecxMsoNormal\"><span style=\"color: windowtext; font-family: 'Calibri','sans-serif';\">Uni\u00f3n Argentina de Trabajadores Rurales y Estibadores (UATRE)<\/span><\/p>\n<p class=\"ecxMsoNormal\"><span style=\"color: windowtext; font-family: 'Calibri','sans-serif';\">Uni\u00f3n de la Industria C\u00e1rnica Argentina (UNICA)<\/span><span style=\"color: windowtext; font-family: 'Calibri','sans-serif'; font-size: 14pt;\">\u00a0<\/span><\/p>\n","protected":false},"excerpt":{"rendered":"<p>Los integrantes de la cadena de valor de las carnes presentar\u00e1n un acuerdo hist\u00f3rico que se alcanz\u00f3 para unir esfuerzos y propuestas, que permitir\u00e1n llevar adelante la creaci\u00f3n de nuevos puestos de trabajo en todas las provincias del pa\u00eds, el incremento de la producci\u00f3n para abastecer en cantidad y calidad al consumo interno y un [&hellip;]<\/p>\n","protected":false},"author":5,"featured_media":0,"comment_status":"open","ping_status":"open","sticky":false,"template":"","format":"standard","meta":[],"categories":[14],"tags":[2190,2189],"_links":{"self":[{"href":"http:\/\/rurallascolonias.com.ar\/index.php?rest_route=\/wp\/v2\/posts\/7493"}],"collection":[{"href":"http:\/\/rurallascolonias.com.ar\/index.php?rest_route=\/wp\/v2\/posts"}],"about":[{"href":"http:\/\/rurallascolonias.com.ar\/index.php?rest_route=\/wp\/v2\/types\/post"}],"author":[{"embeddable":true,"href":"http:\/\/rurallascolonias.com.ar\/index.php?rest_route=\/wp\/v2\/users\/5"}],"replies":[{"embeddable":true,"href":"http:\/\/rurallascolonias.com.ar\/index.php?rest_route=%2Fwp%2Fv2%2Fcomments&post=7493"}],"version-history":[{"count":1,"href":"http:\/\/rurallascolonias.com.ar\/index.php?rest_route=\/wp\/v2\/posts\/7493\/revisions"}],"predecessor-version":[{"id":7495,"href":"http:\/\/rurallascolonias.com.ar\/index.php?rest_route=\/wp\/v2\/posts\/7493\/revisions\/7495"}],"wp:attachment":[{"href":"http:\/\/rurallascolonias.com.ar\/index.php?rest_route=%2Fwp%2Fv2%2Fmedia&parent=7493"}],"wp:term":[{"taxonomy":"category","embeddable":true,"href":"http:\/\/rurallascolonias.com.ar\/index.php?rest_route=%2Fwp%2Fv2%2Fcategories&post=7493"},{"taxonomy":"post_tag","embeddable":true,"href":"http:\/\/rurallascolonias.com.ar\/index.php?rest_route=%2Fwp%2Fv2%2Ftags&post=7493"}],"curies":[{"name":"wp","href":"https:\/\/api.w.org\/{rel}","templated":true}]}}