{"id":7466,"date":"2015-07-23T17:59:59","date_gmt":"2015-07-23T17:59:59","guid":{"rendered":"http:\/\/rurallascolonias.com.ar\/?p=7466"},"modified":"2015-07-23T17:59:59","modified_gmt":"2015-07-23T17:59:59","slug":"charla-tecnica-en-la-sociedad-rural-de-san-carlos","status":"publish","type":"post","link":"http:\/\/rurallascolonias.com.ar\/?p=7466","title":{"rendered":"CHARLA T\u00c9CNICA EN LA SOCIEDAD RURAL DE SAN CARLOS"},"content":{"rendered":"<p>&nbsp;<\/p>\n<p><a href=\"http:\/\/rurallascolonias.com.ar\/wp-content\/uploads\/2015\/07\/sociedad-rural-de-san-carlos.jpg\"><img loading=\"lazy\" class=\"aligncenter size-full wp-image-7468\" src=\"http:\/\/rurallascolonias.com.ar\/wp-content\/uploads\/2015\/07\/sociedad-rural-de-san-carlos.jpg\" alt=\"sociedad rural de san carlos\" width=\"275\" height=\"183\" \/><\/a>La Sociedad Rural de San Carlos invita a la Charla T\u00e9cnica Perspectivas Clim\u00e1ticas Campa\u00f1a 2015-2016 a cargo de la reconocida investigadora del Instituto de Clima y Agua del \u00a0INTA Castelar Licenciada Stella Carballo, el d\u00eda 24 de Julio a las 19:30 hs<\/p>\n<p><a href=\"http:\/\/rurallascolonias.com.ar\/wp-content\/uploads\/2015\/07\/PARTE-CHARLA-CLIMA-2015.doc\">PARTE CHARLA CLIMA 2015<\/a><\/p>\n","protected":false},"excerpt":{"rendered":"<p>&nbsp; La Sociedad Rural de San Carlos invita a la Charla T\u00e9cnica Perspectivas Clim\u00e1ticas Campa\u00f1a 2015-2016 a cargo de la reconocida investigadora del Instituto de Clima y Agua del \u00a0INTA Castelar Licenciada Stella Carballo, el d\u00eda 24 de Julio a las 19:30 hs PARTE CHARLA CLIMA 2015<\/p>\n","protected":false},"author":5,"featured_media":0,"comment_status":"open","ping_status":"open","sticky":false,"template":"","format":"standard","meta":[],"categories":[42],"tags":[],"_links":{"self":[{"href":"http:\/\/rurallascolonias.com.ar\/index.php?rest_route=\/wp\/v2\/posts\/7466"}],"collection":[{"href":"http:\/\/rurallascolonias.com.ar\/index.php?rest_route=\/wp\/v2\/posts"}],"about":[{"href":"http:\/\/rurallascolonias.com.ar\/index.php?rest_route=\/wp\/v2\/types\/post"}],"author":[{"embeddable":true,"href":"http:\/\/rurallascolonias.com.ar\/index.php?rest_route=\/wp\/v2\/users\/5"}],"replies":[{"embeddable":true,"href":"http:\/\/rurallascolonias.com.ar\/index.php?rest_route=%2Fwp%2Fv2%2Fcomments&post=7466"}],"version-history":[{"count":1,"href":"http:\/\/rurallascolonias.com.ar\/index.php?rest_route=\/wp\/v2\/posts\/7466\/revisions"}],"predecessor-version":[{"id":7469,"href":"http:\/\/rurallascolonias.com.ar\/index.php?rest_route=\/wp\/v2\/posts\/7466\/revisions\/7469"}],"wp:attachment":[{"href":"http:\/\/rurallascolonias.com.ar\/index.php?rest_route=%2Fwp%2Fv2%2Fmedia&parent=7466"}],"wp:term":[{"taxonomy":"category","embeddable":true,"href":"http:\/\/rurallascolonias.com.ar\/index.php?rest_route=%2Fwp%2Fv2%2Fcategories&post=7466"},{"taxonomy":"post_tag","embeddable":true,"href":"http:\/\/rurallascolonias.com.ar\/index.php?rest_route=%2Fwp%2Fv2%2Ftags&post=7466"}],"curies":[{"name":"wp","href":"https:\/\/api.w.org\/{rel}","templated":true}]}}