{"id":7463,"date":"2015-07-23T17:52:58","date_gmt":"2015-07-23T17:52:58","guid":{"rendered":"http:\/\/rurallascolonias.com.ar\/?p=7463"},"modified":"2015-07-23T17:52:58","modified_gmt":"2015-07-23T17:52:58","slug":"arranca-la-rural-y-la-mesa-de-enlace-dispara-contra-el-gobierno","status":"publish","type":"post","link":"http:\/\/rurallascolonias.com.ar\/?p=7463","title":{"rendered":"Arranca La Rural y la Mesa de Enlace dispara contra el Gobierno"},"content":{"rendered":"<p><em><strong><a href=\"http:\/\/rurallascolonias.com.ar\/wp-content\/uploads\/2015\/07\/Mesa-de-Enlace-4.jpg\"><img loading=\"lazy\" class=\"aligncenter size-full wp-image-7464\" src=\"http:\/\/rurallascolonias.com.ar\/wp-content\/uploads\/2015\/07\/Mesa-de-Enlace-4.jpg\" alt=\"Mesa de Enlace 4\" width=\"299\" height=\"168\" \/><\/a>La Rural, Coninagro y CRA destacaron que las pol\u00edticas gubernamentales afectaron tanto al productor como al consumidor<\/strong><\/em><!--more--><\/p>\n<p>A poco del comienzo de la 129\u00ba Exposici\u00f3n de Palermo, Coninagro, Confederaciones Rurales Argentinas (CRA) y la Sociedad Rural Argentina (SRA) criticaron las pol\u00edticas llevadas a cabo en el sector agropecuario por parte del gobierno de Cristina Fern\u00e1ndez de Kichner.<\/p>\n<p>\u00abTodos los problemas que padecemos hoy son consecuencia de una pol\u00edtica agropecuaria llevada adelante por el gobierno nacional\u00bb, sintetiz\u00f3 la Mesa de Enlace (de la que ya parece no participar la Federaci\u00f3n Agraria Argentina), en un comunicado.<\/p>\n<p>En concreto, los cupos para exportar, las retenciones, la presi\u00f3n impositiva y los controles de precios, entre muchas otras medidas negativas, generaron retrocesos en la producci\u00f3n y \u00e9xodo desde los campos, afectando a las familias de miles de pueblos y ciudades, destac\u00f3 la Mesa.<\/p>\n<p>En este sentido, aclar\u00f3 que estas medidas perjudicaron tanto a productores como consumidores.<\/p>\n<p>\u00abHoy, el kilo de trigo se paga 1 peso, y el de pan, 22. La brecha entre lo que cobra el productor y lo que paga el consumidor es de 2.100%. En el caso del litro de leche, la diferencia entre lo que le pagan al productor y el precio de g\u00f3ndola es de 301%, de $ 3,20 a $ 13.\u00bb<\/p>\n<p>En este contexto, la Mesa de Enlace busca eliminar las retenciones y los cupos de exportaci\u00f3n para todos los productores y todas las producciones.<\/p>\n<p>\u00abAdem\u00e1s, todas las actividades agropecuarias necesitan una reducci\u00f3n de la presi\u00f3n impositiva que lleg\u00f3 a l\u00edmites asfixiantes\u00bb, concluy\u00f3 el comunicado.<\/p>\n<p>Fuente: Clar\u00edn<\/p>\n","protected":false},"excerpt":{"rendered":"<p>La Rural, Coninagro y CRA destacaron que las pol\u00edticas gubernamentales afectaron tanto al productor como al consumidor<\/p>\n","protected":false},"author":5,"featured_media":0,"comment_status":"open","ping_status":"open","sticky":false,"template":"","format":"standard","meta":[],"categories":[42],"tags":[2051],"_links":{"self":[{"href":"http:\/\/rurallascolonias.com.ar\/index.php?rest_route=\/wp\/v2\/posts\/7463"}],"collection":[{"href":"http:\/\/rurallascolonias.com.ar\/index.php?rest_route=\/wp\/v2\/posts"}],"about":[{"href":"http:\/\/rurallascolonias.com.ar\/index.php?rest_route=\/wp\/v2\/types\/post"}],"author":[{"embeddable":true,"href":"http:\/\/rurallascolonias.com.ar\/index.php?rest_route=\/wp\/v2\/users\/5"}],"replies":[{"embeddable":true,"href":"http:\/\/rurallascolonias.com.ar\/index.php?rest_route=%2Fwp%2Fv2%2Fcomments&post=7463"}],"version-history":[{"count":1,"href":"http:\/\/rurallascolonias.com.ar\/index.php?rest_route=\/wp\/v2\/posts\/7463\/revisions"}],"predecessor-version":[{"id":7465,"href":"http:\/\/rurallascolonias.com.ar\/index.php?rest_route=\/wp\/v2\/posts\/7463\/revisions\/7465"}],"wp:attachment":[{"href":"http:\/\/rurallascolonias.com.ar\/index.php?rest_route=%2Fwp%2Fv2%2Fmedia&parent=7463"}],"wp:term":[{"taxonomy":"category","embeddable":true,"href":"http:\/\/rurallascolonias.com.ar\/index.php?rest_route=%2Fwp%2Fv2%2Fcategories&post=7463"},{"taxonomy":"post_tag","embeddable":true,"href":"http:\/\/rurallascolonias.com.ar\/index.php?rest_route=%2Fwp%2Fv2%2Ftags&post=7463"}],"curies":[{"name":"wp","href":"https:\/\/api.w.org\/{rel}","templated":true}]}}