{"id":7461,"date":"2015-07-23T17:49:13","date_gmt":"2015-07-23T17:49:13","guid":{"rendered":"http:\/\/rurallascolonias.com.ar\/?p=7461"},"modified":"2015-07-23T17:49:13","modified_gmt":"2015-07-23T17:49:13","slug":"reunion-del-consejo-ejecutivo-de-cra","status":"publish","type":"post","link":"http:\/\/rurallascolonias.com.ar\/?p=7461","title":{"rendered":"Reuni\u00f3n del Consejo Ejecutivo de CRA"},"content":{"rendered":"<p><strong><em><a href=\"http:\/\/rurallascolonias.com.ar\/wp-content\/uploads\/2014\/07\/CRA.jpg\"><img loading=\"lazy\" class=\"aligncenter size-full wp-image-3367\" src=\"http:\/\/rurallascolonias.com.ar\/wp-content\/uploads\/2014\/07\/CRA.jpg\" alt=\"CRA\" width=\"185\" height=\"177\" \/><\/a>Delegados de las confederaciones que integran CRA analizar\u00e1n la situaci\u00f3n productiva y gremial de las distintas regiones del pa\u00eds<\/em><\/strong><!--more--><\/p>\n<p><strong>Cronograma de la jornada gremial<\/strong><\/p>\n<p>Por la ma\u00f1ana de hoy \u00a0las comisiones de trabajo realizar\u00e1n las reuniones mensuales y tambi\u00e9n se efectuar\u00e1 una reuni\u00f3n con todos los presidentes de las Federaciones, Asociacioens y Confederaciones de CRA.<\/p>\n<p>partir de las 14 horas el Consejo de la entidad rural efectuar\u00e1 la reuni\u00f3n mensual donde analizar\u00e1n las acciones gremiales en el marco del plan de lucha dispuesto por las entidades del campo a nivel nacional.<\/p>\n<p>CRA<\/p>\n","protected":false},"excerpt":{"rendered":"<p>Delegados de las confederaciones que integran CRA analizar\u00e1n la situaci\u00f3n productiva y gremial de las distintas regiones del pa\u00eds<\/p>\n","protected":false},"author":5,"featured_media":0,"comment_status":"open","ping_status":"open","sticky":false,"template":"","format":"standard","meta":[],"categories":[29],"tags":[],"_links":{"self":[{"href":"http:\/\/rurallascolonias.com.ar\/index.php?rest_route=\/wp\/v2\/posts\/7461"}],"collection":[{"href":"http:\/\/rurallascolonias.com.ar\/index.php?rest_route=\/wp\/v2\/posts"}],"about":[{"href":"http:\/\/rurallascolonias.com.ar\/index.php?rest_route=\/wp\/v2\/types\/post"}],"author":[{"embeddable":true,"href":"http:\/\/rurallascolonias.com.ar\/index.php?rest_route=\/wp\/v2\/users\/5"}],"replies":[{"embeddable":true,"href":"http:\/\/rurallascolonias.com.ar\/index.php?rest_route=%2Fwp%2Fv2%2Fcomments&post=7461"}],"version-history":[{"count":1,"href":"http:\/\/rurallascolonias.com.ar\/index.php?rest_route=\/wp\/v2\/posts\/7461\/revisions"}],"predecessor-version":[{"id":7462,"href":"http:\/\/rurallascolonias.com.ar\/index.php?rest_route=\/wp\/v2\/posts\/7461\/revisions\/7462"}],"wp:attachment":[{"href":"http:\/\/rurallascolonias.com.ar\/index.php?rest_route=%2Fwp%2Fv2%2Fmedia&parent=7461"}],"wp:term":[{"taxonomy":"category","embeddable":true,"href":"http:\/\/rurallascolonias.com.ar\/index.php?rest_route=%2Fwp%2Fv2%2Fcategories&post=7461"},{"taxonomy":"post_tag","embeddable":true,"href":"http:\/\/rurallascolonias.com.ar\/index.php?rest_route=%2Fwp%2Fv2%2Ftags&post=7461"}],"curies":[{"name":"wp","href":"https:\/\/api.w.org\/{rel}","templated":true}]}}