{"id":7456,"date":"2015-07-23T17:43:47","date_gmt":"2015-07-23T17:43:47","guid":{"rendered":"http:\/\/rurallascolonias.com.ar\/?p=7456"},"modified":"2015-07-23T17:44:43","modified_gmt":"2015-07-23T17:44:43","slug":"hablo-etin-para-nosotros-los-productores-tamberos-son-companeros-de-trabajo","status":"publish","type":"post","link":"http:\/\/rurallascolonias.com.ar\/?p=7456","title":{"rendered":"Habl\u00f3 Et\u00edn \u201cPara nosotros los productores tamberos son compa\u00f1eros de trabajo\u201d"},"content":{"rendered":"<p><strong><em><a href=\"http:\/\/rurallascolonias.com.ar\/wp-content\/uploads\/2015\/01\/productores-2.png\"><img loading=\"lazy\" class=\"aligncenter size-full wp-image-5573\" src=\"http:\/\/rurallascolonias.com.ar\/wp-content\/uploads\/2015\/01\/productores-2.png\" alt=\"productores 2\" width=\"306\" height=\"165\" srcset=\"http:\/\/rurallascolonias.com.ar\/wp-content\/uploads\/2015\/01\/productores-2.png 306w, http:\/\/rurallascolonias.com.ar\/wp-content\/uploads\/2015\/01\/productores-2-300x161.png 300w\" sizes=\"(max-width: 306px) 100vw, 306px\" \/><\/a>Trabajadores l\u00e1cteos acusan de extorsi\u00f3n a los empresarios<\/em><\/strong><\/p>\n<p>As\u00ed lo indic\u00f3 a Cadena 3 H\u00e9ctor Ponce, secretario general de Atilra, gremio que llam\u00f3 a paro nacional este jueves. Daniel Oggero, representante de APLA, responsabiliz\u00f3 a los empresarios.<br \/>\nLos trabajadores de la industria l\u00e1ctea tildaron de \u201cextorsivo\u201d al accionar de los empresarios que modificaron sin consulta previa el precio del litro de leche \u2013 se\u00f1alan baj\u00f3 15 centavos\u2013.<!--more--><\/p>\n<p>\u201cEs un hecho extorsivo para que (los productores) no protesten por el precio que le ponen al producto\u201d, se\u00f1al\u00f3 a Cadena 3 H\u00e9ctor Ponce, secretario general de Atilra.<\/p>\n<p>El gremio inici\u00f3 un paro nacional este jueves sosteniendo que los productores pueden perder sus puestos de trabajo.<\/p>\n<p>\u201cParte del sector industrial, especialmente desde la firma Saputo Inc., deliberadamente han tratado de enfrentarnos. Para nosotros los productores tamberos son compa\u00f1eros de trabajo\u201d, indic\u00f3 Atilra en un comunicado.<\/p>\n<p>Ponce apunt\u00f3 contra los empresarios y sostuvo que desde el gremio deben defender los derechos laborales y profesionales de los trabajadores.<\/p>\n<p>\u201cIntercedimos con las c\u00e1maras del sector empresarial para que se los escuche y no se tomen decisiones de forma unilateral\u201d, explic\u00f3.<\/p>\n<p>En este sentido, hizo referencia al derrame de leche en Santa Fe y sostuvo que no fue necesario al insistir que se trat\u00f3 de una estrategia extorsiva de Saputo Inc. \u201cpor no recibirle materia prima a sus productores para que no protesten\u201d.<\/p>\n<p>Por su parte, el representante de APLA, Daniel Oggero sostuvo en Cadena 3 que \u201cel derramamiento del producto es responsabilidad cien por ciento de los empresarios\u201d.<\/p>\n<p>\u201cTenemos que ver c\u00f3mo resolvemos juntos este conflicto\u201d, complet\u00f3.<\/p>\n<p>Fuente: lecherialatina.com<\/p>\n","protected":false},"excerpt":{"rendered":"<p>Trabajadores l\u00e1cteos acusan de extorsi\u00f3n a los empresarios As\u00ed lo indic\u00f3 a Cadena 3 H\u00e9ctor Ponce, secretario general de Atilra, gremio que llam\u00f3 a paro nacional este jueves. Daniel Oggero, representante de APLA, responsabiliz\u00f3 a los empresarios. Los trabajadores de la industria l\u00e1ctea tildaron de \u201cextorsivo\u201d al accionar de los empresarios que modificaron sin consulta [&hellip;]<\/p>\n","protected":false},"author":5,"featured_media":0,"comment_status":"open","ping_status":"open","sticky":false,"template":"","format":"standard","meta":[],"categories":[42],"tags":[2187,504],"_links":{"self":[{"href":"http:\/\/rurallascolonias.com.ar\/index.php?rest_route=\/wp\/v2\/posts\/7456"}],"collection":[{"href":"http:\/\/rurallascolonias.com.ar\/index.php?rest_route=\/wp\/v2\/posts"}],"about":[{"href":"http:\/\/rurallascolonias.com.ar\/index.php?rest_route=\/wp\/v2\/types\/post"}],"author":[{"embeddable":true,"href":"http:\/\/rurallascolonias.com.ar\/index.php?rest_route=\/wp\/v2\/users\/5"}],"replies":[{"embeddable":true,"href":"http:\/\/rurallascolonias.com.ar\/index.php?rest_route=%2Fwp%2Fv2%2Fcomments&post=7456"}],"version-history":[{"count":2,"href":"http:\/\/rurallascolonias.com.ar\/index.php?rest_route=\/wp\/v2\/posts\/7456\/revisions"}],"predecessor-version":[{"id":7458,"href":"http:\/\/rurallascolonias.com.ar\/index.php?rest_route=\/wp\/v2\/posts\/7456\/revisions\/7458"}],"wp:attachment":[{"href":"http:\/\/rurallascolonias.com.ar\/index.php?rest_route=%2Fwp%2Fv2%2Fmedia&parent=7456"}],"wp:term":[{"taxonomy":"category","embeddable":true,"href":"http:\/\/rurallascolonias.com.ar\/index.php?rest_route=%2Fwp%2Fv2%2Fcategories&post=7456"},{"taxonomy":"post_tag","embeddable":true,"href":"http:\/\/rurallascolonias.com.ar\/index.php?rest_route=%2Fwp%2Fv2%2Ftags&post=7456"}],"curies":[{"name":"wp","href":"https:\/\/api.w.org\/{rel}","templated":true}]}}