{"id":7441,"date":"2015-07-22T17:00:47","date_gmt":"2015-07-22T17:00:47","guid":{"rendered":"http:\/\/rurallascolonias.com.ar\/?p=7441"},"modified":"2015-07-22T17:10:14","modified_gmt":"2015-07-22T17:10:14","slug":"volvieron-a-protestar-en-la-ruta-productores-rurales-santafesinos","status":"publish","type":"post","link":"http:\/\/rurallascolonias.com.ar\/?p=7441","title":{"rendered":"Volvieron a protestar en la ruta productores rurales santafesinos"},"content":{"rendered":"<p><strong><em><a href=\"http:\/\/rurallascolonias.com.ar\/wp-content\/uploads\/2015\/07\/protesta-3.jpg\"><img loading=\"lazy\" class=\"aligncenter size-full wp-image-7442\" src=\"http:\/\/rurallascolonias.com.ar\/wp-content\/uploads\/2015\/07\/protesta-3.jpg\" alt=\"protesta 3\" width=\"164\" height=\"96\" \/><\/a>En la Ruta 34, acceso a Lehmann, los convocados analizaron las acciones a seguir<\/em><\/strong><!--more--><\/p>\n<div class=\"authorinfo\"><\/div>\n<div class=\"vsmcontent\">\n<p>\u00a0Productores santafesinos volvieron a protestar ayer en la Ruta 34, acceso a Lehmann como una nueva medida de reclamo y visibilidad hacia el sector, convocados por las Sociedades Rurales de Sunchales, Rafaela y Humberto Primo.<\/p>\n<p>As\u00ed lo indicaron las entidades en un comunicado, en el cual se\u00f1alaron que la protesta es \u00aben repudio a las pol\u00edticas agropecuarias y ante la crisis que est\u00e1 atravesando el sector\u00bb.<\/p>\n<p>Ante esta situaci\u00f3n, las Sociedades Rurales de Rafaela, Sunchales y Humberto Primo junto a CARSFe y CRA, convocaron a una asamblea de productores.<\/p>\n<p>Mietras que luego de varios d\u00edas de reclamo, se levant\u00f3 la protesta tarefera en un secadero de Misiones al llegarse a un acuerdo entre patrones y trabajadores de la yerba.<\/p>\n<p>Seg\u00fan el arreglo, se mantendr\u00e1n 15 puestos laborales y la empresa pondr\u00e1 en blanco a un grupo de empleados del secadero en la localidad misionera de San Pedro.<\/p>\n<p>Con la intervenci\u00f3n del Sindicato de Tareferos (SITAJA), el conflicto deriv\u00f3 en una audiencia de conciliaci\u00f3n en el Ministerio de Trabajo, donde se lleg\u00f3 a un convenio.<\/p>\n<p>Se acord\u00f3 la continuidad de los 15 puestos laborales, la registraci\u00f3n de los trabajadores que estaban en negro, el pago de acuerdo a las escalas salariales establecidas por la Comisi\u00f3n Nacional de Trabajo Agrario y respeto de la jornada de trabajo.<\/p>\n<p>Tambi\u00e9n convinieron la mejora en las condiciones de higiene y seguridad y el levantamiento de las medidas de fuerza hasta la nueva audiencia, fijada para el pr\u00f3ximo 18 de agosto con el objetivo de evaluar el cumplimiento de lo acordado.<\/p>\n<p>Fuente: <a title=\"AgroNOA\" href=\"http:\/\/www.agronoa.com.ar\/\">AgroNOA<\/a><\/p>\n<\/div>\n","protected":false},"excerpt":{"rendered":"<p>En la Ruta 34, acceso a Lehmann, los convocados analizaron las acciones a seguir<\/p>\n","protected":false},"author":5,"featured_media":0,"comment_status":"open","ping_status":"open","sticky":false,"template":"","format":"standard","meta":[],"categories":[42],"tags":[2185,374],"_links":{"self":[{"href":"http:\/\/rurallascolonias.com.ar\/index.php?rest_route=\/wp\/v2\/posts\/7441"}],"collection":[{"href":"http:\/\/rurallascolonias.com.ar\/index.php?rest_route=\/wp\/v2\/posts"}],"about":[{"href":"http:\/\/rurallascolonias.com.ar\/index.php?rest_route=\/wp\/v2\/types\/post"}],"author":[{"embeddable":true,"href":"http:\/\/rurallascolonias.com.ar\/index.php?rest_route=\/wp\/v2\/users\/5"}],"replies":[{"embeddable":true,"href":"http:\/\/rurallascolonias.com.ar\/index.php?rest_route=%2Fwp%2Fv2%2Fcomments&post=7441"}],"version-history":[{"count":1,"href":"http:\/\/rurallascolonias.com.ar\/index.php?rest_route=\/wp\/v2\/posts\/7441\/revisions"}],"predecessor-version":[{"id":7443,"href":"http:\/\/rurallascolonias.com.ar\/index.php?rest_route=\/wp\/v2\/posts\/7441\/revisions\/7443"}],"wp:attachment":[{"href":"http:\/\/rurallascolonias.com.ar\/index.php?rest_route=%2Fwp%2Fv2%2Fmedia&parent=7441"}],"wp:term":[{"taxonomy":"category","embeddable":true,"href":"http:\/\/rurallascolonias.com.ar\/index.php?rest_route=%2Fwp%2Fv2%2Fcategories&post=7441"},{"taxonomy":"post_tag","embeddable":true,"href":"http:\/\/rurallascolonias.com.ar\/index.php?rest_route=%2Fwp%2Fv2%2Ftags&post=7441"}],"curies":[{"name":"wp","href":"https:\/\/api.w.org\/{rel}","templated":true}]}}