{"id":7327,"date":"2015-07-14T12:17:10","date_gmt":"2015-07-14T12:17:10","guid":{"rendered":"http:\/\/rurallascolonias.com.ar\/?p=7327"},"modified":"2015-07-14T12:17:10","modified_gmt":"2015-07-14T12:17:10","slug":"cierra-otro-frigorifico-y-se-agudiza-la-crisis","status":"publish","type":"post","link":"http:\/\/rurallascolonias.com.ar\/?p=7327","title":{"rendered":"Cierra otro frigor\u00edfico y se agudiza la crisis"},"content":{"rendered":"<p><strong><a href=\"http:\/\/rurallascolonias.com.ar\/wp-content\/uploads\/2015\/07\/frigor\u00edfico.jpg\"><img loading=\"lazy\" class=\"aligncenter size-full wp-image-7328\" src=\"http:\/\/rurallascolonias.com.ar\/wp-content\/uploads\/2015\/07\/frigor\u00edfico.jpg\" alt=\"frigor\u00edfico\" width=\"312\" height=\"161\" srcset=\"http:\/\/rurallascolonias.com.ar\/wp-content\/uploads\/2015\/07\/frigor\u00edfico.jpg 312w, http:\/\/rurallascolonias.com.ar\/wp-content\/uploads\/2015\/07\/frigor\u00edfico-300x155.jpg 300w\" sizes=\"(max-width: 312px) 100vw, 312px\" \/><\/a><em>El secretario general del Sindicato del Personal de Frigor\u00edficos de la Industria de la Carne, Gabriel Ch\u00e1vez, asegur\u00f3 que exigir\u00e1n la reapertura de el frigor\u00edfico El Man\u00e1 (ex Estancia La Trinidad<\/em><\/strong><!--more--><\/p>\n<div class=\"vsmcontent\">\n<p>Trabajadores del frigor\u00edfico El Man\u00e1 (Ex Estancia La Trinidad) de la ciudad cordobesa de Oncativo tomaron ayer las instalaciones de la planta, luego de que se les informara sobre el cierre de la empresa tras 11 a\u00f1os de actividad.<\/p>\n<p>El secretario general del Sindicato del Personal de Frigor\u00edficos de la Industria de la Carne, Gabriel Ch\u00e1vez, asegur\u00f3 ayer que exigir\u00e1n la reapertura de la empresa o el pago total de la indemnizaci\u00f3n a los 52 empleados afectados.<\/p>\n<p>Ch\u00e1vez dijo que la empresa les inform\u00f3 este lunes a los trabajadores que les llegar\u00e1n los telegramas de despido y que se les abonar\u00e1 el 50% de la indemnizaci\u00f3n (seg\u00fan el articulo 247 de la ley de contrato de trabajo) \u201cporque no le dan los n\u00fameros\u201d. Y dijo: \u201cNosotros pedimos la reincorporaci\u00f3n de los compa\u00f1eros o el pago total de la indemnizaci\u00f3n\u201d, ante el despido inminente.<\/p>\n<p>La situaci\u00f3n de El Man\u00e1 es producto de la crisis que atraviesa desde hace a\u00f1os el sector frigor\u00edfico, producto de las trabas al mercado a ra\u00edz del cierre de las exportaciones c\u00e1rnicas.<\/p>\n<p>Ayer los directivos de \u201cEl Man\u00e1\u201d comunicaron oficialmente la decisi\u00f3n de cerrar sus puertas a la Asociaci\u00f3n de Frigor\u00edficos e Industriales de la Carne (Afic), seg\u00fan la entidad cuyo director ejecutivo es Daniel Urc\u00eda.<\/p>\n<p>En tanto, en las pr\u00f3ximas horas se realizar\u00e1 una audiencia en el Ministerio de Trabajo de C\u00f3rdoba. \u201cCerr\u00f3 definitivamente por la ca\u00edda de la actividad, sumada a una baja de los precios de los subproductos contrapuesto al fuerte aumento de costos. Un combo mortal\u201d, se\u00f1alaron fuentes de Afic.<\/p>\n<p>Este cierre se suma a varios que ocurrieron en los \u00faltimos a\u00f1os y puntualmente en 2014 cuando cerraron sus puerts dos de los de mayor actividad: Carnes Huinca y Estancias del Sur, antes, ya hab\u00eda tambi\u00e9n dejado de operar Col-Car.<\/p>\n<p>Vacaciones anticipadas<strong>.<\/strong> Por otra parte, ayer el secretario general de la Federaci\u00f3n Gremial del Personal de la Industria de la Carne, Jos\u00e9 Alberto Fantini, afirm\u00f3 que los trabajadores de las principales plantas faenadoras y frigor\u00edficas de Rosario \u201ccomo en el resto del pa\u00eds\u201d aceptaron adelantar sus vacaciones para evitar el cierre de plantas con motivo del paro realizado por el Senasa y pidi\u00f3 al gobierno atender los reclamos \u201cjustos\u201d que realiza la Asociaci\u00f3n de Trabajadores del Estado (ATE) para los empleados del organismo de control fitosanitario.<\/p>\n<\/div>\n<div class=\"copyright\">\n<div class=\"author\">La Capital de Rosario<\/div>\n<\/div>\n","protected":false},"excerpt":{"rendered":"<p>El secretario general del Sindicato del Personal de Frigor\u00edficos de la Industria de la Carne, Gabriel Ch\u00e1vez, asegur\u00f3 que exigir\u00e1n la reapertura de el frigor\u00edfico El Man\u00e1 (ex Estancia La Trinidad<\/p>\n","protected":false},"author":5,"featured_media":0,"comment_status":"open","ping_status":"open","sticky":false,"template":"","format":"standard","meta":[],"categories":[42],"tags":[569,900,530],"_links":{"self":[{"href":"http:\/\/rurallascolonias.com.ar\/index.php?rest_route=\/wp\/v2\/posts\/7327"}],"collection":[{"href":"http:\/\/rurallascolonias.com.ar\/index.php?rest_route=\/wp\/v2\/posts"}],"about":[{"href":"http:\/\/rurallascolonias.com.ar\/index.php?rest_route=\/wp\/v2\/types\/post"}],"author":[{"embeddable":true,"href":"http:\/\/rurallascolonias.com.ar\/index.php?rest_route=\/wp\/v2\/users\/5"}],"replies":[{"embeddable":true,"href":"http:\/\/rurallascolonias.com.ar\/index.php?rest_route=%2Fwp%2Fv2%2Fcomments&post=7327"}],"version-history":[{"count":1,"href":"http:\/\/rurallascolonias.com.ar\/index.php?rest_route=\/wp\/v2\/posts\/7327\/revisions"}],"predecessor-version":[{"id":7329,"href":"http:\/\/rurallascolonias.com.ar\/index.php?rest_route=\/wp\/v2\/posts\/7327\/revisions\/7329"}],"wp:attachment":[{"href":"http:\/\/rurallascolonias.com.ar\/index.php?rest_route=%2Fwp%2Fv2%2Fmedia&parent=7327"}],"wp:term":[{"taxonomy":"category","embeddable":true,"href":"http:\/\/rurallascolonias.com.ar\/index.php?rest_route=%2Fwp%2Fv2%2Fcategories&post=7327"},{"taxonomy":"post_tag","embeddable":true,"href":"http:\/\/rurallascolonias.com.ar\/index.php?rest_route=%2Fwp%2Fv2%2Ftags&post=7327"}],"curies":[{"name":"wp","href":"https:\/\/api.w.org\/{rel}","templated":true}]}}