{"id":7311,"date":"2015-07-13T11:33:49","date_gmt":"2015-07-13T11:33:49","guid":{"rendered":"http:\/\/rurallascolonias.com.ar\/?p=7311"},"modified":"2015-07-13T11:33:49","modified_gmt":"2015-07-13T11:33:49","slug":"a-un-mes-de-las-paso-el-campo-quiere-figurar-en-la-agenda-politica","status":"publish","type":"post","link":"http:\/\/rurallascolonias.com.ar\/?p=7311","title":{"rendered":"A un mes de las Paso, el campo quiere figurar en la agenda pol\u00edtica"},"content":{"rendered":"<p><strong><em><a href=\"http:\/\/rurallascolonias.com.ar\/wp-content\/uploads\/2015\/07\/campo.jpg\"><img loading=\"lazy\" class=\"aligncenter size-full wp-image-7312\" src=\"http:\/\/rurallascolonias.com.ar\/wp-content\/uploads\/2015\/07\/campo.jpg\" alt=\"campo\" width=\"259\" height=\"194\" \/><\/a>En Santa Fe las actividades comenzaron la semana pasada con una asamblea en la autopista a Rosario. Adem\u00e1s, este 17 de julio se conmemorar\u00e1n el s\u00e9ptimo aniversario del \u201cvoto no positivo\u201d que rechaz\u00f3 la Resoluci\u00f3n 125<\/em><\/strong><!--more--><\/p>\n<p>A menos de un mes para que se realicen las primarias abiertas simult\u00e1neas y obligatorias para la elecci\u00f3n de cargos nacionales, las entidades agropecuarias quieren volver a poner en la agenda p\u00fablica y en la pol\u00edtica sus demandas. En Santa Fe las actividades comenzaron la semana pasada con una asamblea en la autopista Santa Fe-Rosario, a la altura del acceso a G\u00e1lvez, seg\u00fan public\u00f3 Agencia Fe.<\/p>\n<p>\u201cEl campo est\u00e1 en la agenda pol\u00edtica y no puede quedar afuera\u201d, le dijo a Diario UNO Hugo Iturraspe, presidente de la Sociedad Rural de Santa Fe, y agreg\u00f3: \u201cEso ya lo est\u00e1n viendo los mismos candidatos presidenciales, al menos los tres m\u00e1s importantes, (Sergio) Massa, (Daniel) Scioli y (Mauricio) Macri\u201d.<br \/>\n\u201cEn los trabajos que ellos tienen \u2013continu\u00f3 el ruralista\u2013 ya se empieza a hablar de la situaci\u00f3n del campo. Lo que nosotros queremos es darle un tono m\u00e1s fino. La Sociedad Rural y las Confederaciones Rurales Argentinas (CRA) ya sacamos un documento con 13 puntos donde se habla de las prioridades del sector para priorizar en las futuras pol\u00edticas de los candidatos\u201d.<br \/>\nSi bien Iturraspe asegura que el di\u00e1logo con los actores pol\u00edticos es permanente, en un a\u00f1o electoral eso se intensifica. \u201cCuando nosotros tuvimos las Paso en Santa Fe dialogamos con muchos de los diputados y senadores. Hay muchos que provienen del sector agropecuario y ya conocen nuestra situaci\u00f3n. De todas formas, en el corte que hubo en la autopista, en el acceso a G\u00e1lvez, los mensajes que dieron quienes hablaron fueron para adoctrinar, para informar a los diputados y senadores que ahora les va a tocar participar de la situaci\u00f3n del campo que no la estamos desconociendo porque todos saben la situaci\u00f3n que se est\u00e1 viviendo en cada departamento\u201d, sostuvo.<br \/>\nLuego a\u00f1adi\u00f3: \u201cEn el congreso de CRA que se realiz\u00f3 en la ciudad de Santa Fe (a mediados de mayo pasado) yo manifest\u00e9 que ese era un congreso pol\u00edtico y que me parec\u00eda muy bien en ese momento informarle a todos los participantes que est\u00e1n en la pol\u00edtica lo que est\u00e1 pasando con el campo. Tenemos que anticiparnos, porque no es cuesti\u00f3n de que ahora pasen las elecciones para protestar. Hay que empezar ya a pedir por las pol\u00edticas p\u00fablicas para el sector que van a tener todos estos pol\u00edticos que van a ingresar al Congreso\u201d.<br \/>\nAniversario de la Resoluci\u00f3n 125<br \/>\nPero la actividad principal se dar\u00e1 esta semana con un encuentro en la ciudad de San Justo \u2013a 100 kil\u00f3metros al norte de la capital provincial\u2013 donde se conmemorar\u00e1 un nuevo aniversario (el s\u00e9ptimo) del voto \u201cno positivo\u201d del exvicepresidente Julio Cobos para rechazar la Resoluci\u00f3n 125 que impon\u00eda retenciones m\u00f3viles a la exportaci\u00f3n de granos.<br \/>\nAl respecto, Iturraspe, dijo: \u201cLa actividad m\u00e1s importante que estamos preparando es la del 17 de julio. Ah\u00ed vamos a conmemorar el aniversario de la 125. Eso va a ser en la Sociedad Rural de San Justo, al mediod\u00eda para que todos puedan viajar y llegar sin problemas\u201d.<br \/>\nAsambleas en distintos lugares del pa\u00eds<br \/>\nA nivel nacional se est\u00e1 organizando una jornada de protesta para el viernes 17. La misma est\u00e1 motorizada por la Sociedad Rural Argentina (SRA), Confederaciones Rurales Argentinas (CRA) y Coninagro, que eligieron como lema de la protesta \u201cNo maten al campo\u201d.<br \/>\nAdem\u00e1s de protestar por las pol\u00edticas econ\u00f3micas que, seg\u00fan las entidades, est\u00e1n afectando al sector agropecuario, en la ocasi\u00f3n tambi\u00e9n se recordar\u00e1 la jornada del 18 de julio de 2008 con el \u201cvoto no positivo\u201d del exvicepresidente de la Naci\u00f3n y presidente del Senado, Julio Cobos, cuya voluntad no permiti\u00f3 que se implemente la Resoluci\u00f3n 125 que impon\u00eda retenciones m\u00f3viles para la exportaci\u00f3n de granos.<br \/>\nEn tanto, la Federaci\u00f3n Agraria Argentina \u2013la otra entidad que forma parte de la mesa de enlace\u2013 se distanci\u00f3 de la medida y no acompa\u00f1ar\u00e1 las acciones del viernes que viene. Si bien desde FAA se asegur\u00f3 que se coincide con el diagn\u00f3stico de crisis para las distintas econom\u00edas regionales que realizan las otras tres instituciones, se reserv\u00f3 para el futuro las \u201cacciones gremiales\u201d que planea para la semana del 18 al 25 de julio.<\/p>\n<p>Fuente: Infocampo<\/p>\n","protected":false},"excerpt":{"rendered":"<p>En Santa Fe las actividades comenzaron la semana pasada con una asamblea en la autopista a Rosario. Adem\u00e1s, este 17 de julio se conmemorar\u00e1n el s\u00e9ptimo aniversario del \u201cvoto no positivo\u201d que rechaz\u00f3 la Resoluci\u00f3n 125<\/p>\n","protected":false},"author":5,"featured_media":0,"comment_status":"open","ping_status":"open","sticky":false,"template":"","format":"standard","meta":[],"categories":[14],"tags":[2162,95,2161],"_links":{"self":[{"href":"http:\/\/rurallascolonias.com.ar\/index.php?rest_route=\/wp\/v2\/posts\/7311"}],"collection":[{"href":"http:\/\/rurallascolonias.com.ar\/index.php?rest_route=\/wp\/v2\/posts"}],"about":[{"href":"http:\/\/rurallascolonias.com.ar\/index.php?rest_route=\/wp\/v2\/types\/post"}],"author":[{"embeddable":true,"href":"http:\/\/rurallascolonias.com.ar\/index.php?rest_route=\/wp\/v2\/users\/5"}],"replies":[{"embeddable":true,"href":"http:\/\/rurallascolonias.com.ar\/index.php?rest_route=%2Fwp%2Fv2%2Fcomments&post=7311"}],"version-history":[{"count":1,"href":"http:\/\/rurallascolonias.com.ar\/index.php?rest_route=\/wp\/v2\/posts\/7311\/revisions"}],"predecessor-version":[{"id":7313,"href":"http:\/\/rurallascolonias.com.ar\/index.php?rest_route=\/wp\/v2\/posts\/7311\/revisions\/7313"}],"wp:attachment":[{"href":"http:\/\/rurallascolonias.com.ar\/index.php?rest_route=%2Fwp%2Fv2%2Fmedia&parent=7311"}],"wp:term":[{"taxonomy":"category","embeddable":true,"href":"http:\/\/rurallascolonias.com.ar\/index.php?rest_route=%2Fwp%2Fv2%2Fcategories&post=7311"},{"taxonomy":"post_tag","embeddable":true,"href":"http:\/\/rurallascolonias.com.ar\/index.php?rest_route=%2Fwp%2Fv2%2Ftags&post=7311"}],"curies":[{"name":"wp","href":"https:\/\/api.w.org\/{rel}","templated":true}]}}