{"id":729,"date":"2014-01-02T16:00:16","date_gmt":"2014-01-02T16:00:16","guid":{"rendered":"http:\/\/rurallascolonias.com.ar\/?p=729"},"modified":"2014-01-02T16:01:40","modified_gmt":"2014-01-02T16:01:40","slug":"las-noticias-de-la-leche-de-2013","status":"publish","type":"post","link":"http:\/\/rurallascolonias.com.ar\/?p=729","title":{"rendered":"LAS NOTICIAS DE LA LECHE DE 2013"},"content":{"rendered":"<p style=\"text-align: center;\"><a href=\"http:\/\/rurallascolonias.com.ar\/wp-content\/uploads\/2014\/01\/leche-derramada.png\"><img loading=\"lazy\" class=\"aligncenter  wp-image-730\" alt=\"leche derramada\" src=\"http:\/\/rurallascolonias.com.ar\/wp-content\/uploads\/2014\/01\/leche-derramada.png\" width=\"107\" height=\"108\" srcset=\"http:\/\/rurallascolonias.com.ar\/wp-content\/uploads\/2014\/01\/leche-derramada.png 224w, http:\/\/rurallascolonias.com.ar\/wp-content\/uploads\/2014\/01\/leche-derramada-150x150.png 150w\" sizes=\"(max-width: 107px) 100vw, 107px\" \/><\/a>Cerr\u00f3 el 2013 y es momentos de repasos y an\u00e1lisis, por eso te contamos las noticias que m\u00e1s ruido hicieron el a\u00f1o pasado.<!--more--><br \/>\nNo caben dudas que SanCor una vez m\u00e1s ha generado muchas noticias durante el a\u00f1o y muchos comentarios de los blogueros, por lo que a nadie sorprender\u00e1 que sea la empresa protagonista de la noticia m\u00e1s le\u00edda en espa\u00f1ol en www.lecherialatina.com durante el 2013.<br \/>\nLa nota que m\u00e1s atenci\u00f3n concit\u00f3 en los lectores fue la de los cambios en la c\u00fapula dirigencial de la Cooperativa, un anticipo de este portal y publicada el 3 de junio:<a href=\"http:\/\/www.lecherialatina.com\/noticias\/argentina-se-vendrian-cambios-importantes-en-sancor-25393\/\">http:\/\/www.lecherialatina.com\/noticias\/argentina-se-vendrian-cambios-importantes-en-sancor-25393\/<\/a><br \/>\nEn segundo lugar estuvieron los precios internacionales, la nota que titulamos Mercados lecheros, \u201c\u00a1Habemus lius!\u201d de marzo de este a\u00f1o fue otra de las m\u00e1s le\u00eddas:\u00a0<a href=\"http:\/\/www.lecherialatina.com\/noticias\/argentina-leche-mercados-alterados-20830\/\">http:\/\/www.lecherialatina.com\/noticias\/argentina-leche-mercados-alterados-20830\/<\/a><br \/>\nCerrando el podio entra la otra empresa grande de la Argentina. La Seren\u00edsima y el precio al tambero tuvieron su lugar de relevancia con una nota de enero del pasado 2013:\u00a0<a href=\"http:\/\/www.lecherialatina.com\/noticias\/argentina-la-serenisima-aumenta-el-precio-al-productor-tambero-16833\/\">http:\/\/www.lecherialatina.com\/noticias\/argentina-la-serenisima-aumenta-el-precio-al-productor-tambero-16833\/<\/a><br \/>\nFuera de Argentina las noticias m\u00e1s le\u00eddas en espa\u00f1ol fueron las siguientes:<br \/>\nDe M\u00e9xico fue muy le\u00edda una nota de febrero sobre las tendencias de consumo:<a href=\"http:\/\/www.lecherialatina.com\/noticias\/mexico-tendencias-en-el-consumo-de-lacteos-en-mexico-18069\/\">http:\/\/www.lecherialatina.com\/noticias\/mexico-tendencias-en-el-consumo-de-lacteos-en-mexico-18069\/<\/a><br \/>\nEn Colombia llam\u00f3 la atenci\u00f3n un art\u00edculo que habla de la prohibici\u00f3n de un comercial de Colanta:<a href=\"http:\/\/www.lecherialatina.com\/noticias\/colombia-ordenan-a-colanta-suspender-comercial-en-busca-de-la-leche-pura-sin-mezclas-30871\/\">http:\/\/www.lecherialatina.com\/noticias\/colombia-ordenan-a-colanta-suspender-comercial-en-busca-de-la-leche-pura-sin-mezclas-30871\/<\/a><br \/>\nEn Per\u00fa se habl\u00f3 de crianza de vacas lecheras:\u00a0<a href=\"http:\/\/www.lecherialatina.com\/noticias\/peru-alternativa-economica-crianza-de-vacas-lecheras-26484\/\">http:\/\/www.lecherialatina.com\/noticias\/peru-alternativa-economica-crianza-de-vacas-lecheras-26484\/<\/a><br \/>\nEn Uruguay lo m\u00e1s le\u00eddo tuvo que ver con el comportamiento del mercado a nivel internacional:<a href=\"http:\/\/www.lecherialatina.com\/noticias\/el-aumento-de-la-produccion-mundial-de-leche-lleva-a-la-reduccion-en-los-precios-globales-3448\/\">http:\/\/www.lecherialatina.com\/noticias\/el-aumento-de-la-produccion-mundial-de-leche-lleva-a-la-reduccion-en-los-precios-globales-3448\/<\/a><br \/>\nEn Espa\u00f1a se destac\u00f3 un art\u00edculo de principio de a\u00f1o sobre la crisis del sector en Galicia:<a href=\"http:\/\/www.lecherialatina.com\/noticias\/espana-las-ubres-gallegas-en-la-bancarrota-16431\/\">http:\/\/www.lecherialatina.com\/noticias\/espana-las-ubres-gallegas-en-la-bancarrota-16431\/<\/a><br \/>\nEn Chile sobresali\u00f3 claramente la discusi\u00f3n por el precio de la leche:<a href=\"http:\/\/www.lecherialatina.com\/noticias\/chile-la-mejor-leche-del-mundo-al-peor-precio-del-mundo-que-hay-de-cierto-en-esta-aseveracion-33828\/\">http:\/\/www.lecherialatina.com\/noticias\/chile-la-mejor-leche-del-mundo-al-peor-precio-del-mundo-que-hay-de-cierto-en-esta-aseveracion-33828\/<\/a><br \/>\nMientras en Venezuela la escases lleg\u00f3 al blog de la mano de una nota m\u00e1s que curiosa, la leche se vende a cucharadas:\u00a0<a href=\"http:\/\/www.lecherialatina.com\/noticias\/venezuela-la-leche-se-vende-por-cucharadas-34818\/\">http:\/\/www.lecherialatina.com\/noticias\/venezuela-la-leche-se-vende-por-cucharadas-34818\/<\/a><br \/>\nEstas fueron as noticias m\u00e1s le\u00eddas del 2013, pero cerramos con una perlita, la segunda noticia m\u00e1s le\u00edda en espa\u00f1ol en el a\u00f1o es del 2012, m\u00e1s precisamente de mayo de ese a\u00f1o y tiene como protagonista al T\u00edo Guillermo, a quien sin dudas extra\u00f1aremos en este portal. Su viaje a Angola sigui\u00f3 interesando a los lectores en el 2013 pese al tiempo transcurrido:\u00a0<a href=\"http:\/\/www.lecherialatina.com\/noticias\/el-arca-de-moreno-llega-a-angola-llena-de-sorpresas-2950\/\">http:\/\/www.lecherialatina.com\/noticias\/el-arca-de-moreno-llega-a-angola-llena-de-sorpresas-2950\/<\/a><br \/>\nFeliz a\u00f1o para todos, por un 2014 con muy buena leche.<br \/>\nDami\u00e1n Morais<\/p>\n","protected":false},"excerpt":{"rendered":"<p>Cerr\u00f3 el 2013 y es momentos de repasos y an\u00e1lisis, por eso te contamos las noticias que m\u00e1s ruido hicieron el a\u00f1o pasado.<\/p>\n","protected":false},"author":5,"featured_media":0,"comment_status":"closed","ping_status":"closed","sticky":false,"template":"","format":"standard","meta":[],"categories":[46],"tags":[47],"_links":{"self":[{"href":"http:\/\/rurallascolonias.com.ar\/index.php?rest_route=\/wp\/v2\/posts\/729"}],"collection":[{"href":"http:\/\/rurallascolonias.com.ar\/index.php?rest_route=\/wp\/v2\/posts"}],"about":[{"href":"http:\/\/rurallascolonias.com.ar\/index.php?rest_route=\/wp\/v2\/types\/post"}],"author":[{"embeddable":true,"href":"http:\/\/rurallascolonias.com.ar\/index.php?rest_route=\/wp\/v2\/users\/5"}],"replies":[{"embeddable":true,"href":"http:\/\/rurallascolonias.com.ar\/index.php?rest_route=%2Fwp%2Fv2%2Fcomments&post=729"}],"version-history":[{"count":3,"href":"http:\/\/rurallascolonias.com.ar\/index.php?rest_route=\/wp\/v2\/posts\/729\/revisions"}],"predecessor-version":[{"id":733,"href":"http:\/\/rurallascolonias.com.ar\/index.php?rest_route=\/wp\/v2\/posts\/729\/revisions\/733"}],"wp:attachment":[{"href":"http:\/\/rurallascolonias.com.ar\/index.php?rest_route=%2Fwp%2Fv2%2Fmedia&parent=729"}],"wp:term":[{"taxonomy":"category","embeddable":true,"href":"http:\/\/rurallascolonias.com.ar\/index.php?rest_route=%2Fwp%2Fv2%2Fcategories&post=729"},{"taxonomy":"post_tag","embeddable":true,"href":"http:\/\/rurallascolonias.com.ar\/index.php?rest_route=%2Fwp%2Fv2%2Ftags&post=729"}],"curies":[{"name":"wp","href":"https:\/\/api.w.org\/{rel}","templated":true}]}}