{"id":7168,"date":"2015-07-01T17:12:45","date_gmt":"2015-07-01T17:12:45","guid":{"rendered":"http:\/\/rurallascolonias.com.ar\/?p=7168"},"modified":"2015-07-01T17:23:56","modified_gmt":"2015-07-01T17:23:56","slug":"el-agro-rumbo-a-un-cese-de-comercializacion-por-15-dias","status":"publish","type":"post","link":"http:\/\/rurallascolonias.com.ar\/?p=7168","title":{"rendered":"El agro, rumbo a un cese de comercializaci\u00f3n por 15 d\u00edas"},"content":{"rendered":"<p><strong><em>RECLAMO<\/em><\/strong><\/p>\n<p><a href=\"http:\/\/rurallascolonias.com.ar\/wp-content\/uploads\/2015\/07\/cese-de-comercializci\u00f3n.jpg\"><img loading=\"lazy\" class=\"aligncenter wp-image-7169 size-medium\" src=\"http:\/\/rurallascolonias.com.ar\/wp-content\/uploads\/2015\/07\/cese-de-comercializci\u00f3n-300x155.jpg\" alt=\"cese de comercializci\u00f3n\" width=\"300\" height=\"155\" srcset=\"http:\/\/rurallascolonias.com.ar\/wp-content\/uploads\/2015\/07\/cese-de-comercializci\u00f3n-300x155.jpg 300w, http:\/\/rurallascolonias.com.ar\/wp-content\/uploads\/2015\/07\/cese-de-comercializci\u00f3n-600x310.jpg 600w, http:\/\/rurallascolonias.com.ar\/wp-content\/uploads\/2015\/07\/cese-de-comercializci\u00f3n-624x323.jpg 624w, http:\/\/rurallascolonias.com.ar\/wp-content\/uploads\/2015\/07\/cese-de-comercializci\u00f3n.jpg 648w\" sizes=\"(max-width: 300px) 100vw, 300px\" \/><\/a>Las acciones de protesta comprenden una movilizaci\u00f3n nacional, el pr\u00f3ximo viernes 17 de este mes. La modalidad ser\u00e1 definida y coordinada por la mesa agropecuaria.<!--more--><\/p>\n<div class=\"vsmcontent\">\n<p>La\u00a0convocatoria a una movilizaci\u00f3n nacional para el pr\u00f3ximo viernes 17 de este mes \u2013aniversario del voto \u201cno positivo\u201d del vicepresidente Julio Cobos contra la resoluci\u00f3n 125\u2013 y la propuesta de un cese de comercializaci\u00f3n durante no menos de 15 d\u00edas.<\/p>\n<p>Estas son las acciones que la Comisi\u00f3n de Enlace agropecuaria provincial propondr\u00e1 para \u201cnacionalizar\u201d el reclamo de los productores tras la concentraci\u00f3n que reuni\u00f3 ayer a unos 800 asistentes en la rotonda de Sinsacate, sobre la ruta nacional 9 norte. A instancias de las bases, los l\u00edderes rurales dispusieron acelerar los plazos de las acciones gremiales.<\/p>\n<p>La modalidad de la movilizaci\u00f3n ser\u00e1 definida por la dirigencia nacional, se indic\u00f3 en un comunicado.<\/p>\n<p>\u201cNo maten al campo\u201d<\/p>\n<p>Junto con la consigna de \u201cno maten al campo\u201d que describe la ecuaci\u00f3n econ\u00f3mica de diferentes actividades, los asistentes advirtieron que el sector productivo \u201cse encuentra en una profunda crisis y a tres meses de las nuevas siembras no hay capacidad econ\u00f3mica para enfrentarlas\u201d.<\/p>\n<p>\u201cYa no estamos para hacer catarsis\u201d, arranc\u00f3 Atilio Carignano, presidente de la Sociedad Rural de Jes\u00fas Mar\u00eda, entidad convocante junto a las centrales cordobesas. Cit\u00f3 el \u00faltimo \u00edndice de la Fundaci\u00f3n Fada, seg\u00fan el cual de cada 100 pesos de la renta del agro, 93,5 se quedan en las diferentes arcas p\u00fablicas.<\/p>\n<p>Marco Giraudo, de Coninagro, dijo que \u201cen el sector comenz\u00f3 el runr\u00fan ; ning\u00fan motor arranca y sale, hay que calentarlo y eso es lo que estamos haciendo\u201d. Pidi\u00f3 que se sumen comerciantes, fabricantes, proveedores, prestadores de servicios. \u201cLos que est\u00e1n en el Gobierno ya se van, pero esta situaci\u00f3n no cambia el 10 de diciembre; seguramente nos van a pedir seis meses, un a\u00f1o\u201d para mejorar las variables, conjetur\u00f3.<\/p>\n<p>A la n\u00f3mina de oradores se sumaron Mariano Andrade, de la Sociedad Rural Argentina; Carlos Baravalle, de la Federaci\u00f3n Agraria, y el titular de la Confederaci\u00f3n de Asociaciones Rurales de la Tercera Zona (Cartez).<\/p>\n<p>En los alrededores del palco estuvieron Carlos Garetto, expresidente de Coninagro y ahora en una lista de Sergio Massa por el espacio UNA; el legislador provincial delasotista Carlos Presas y el ruralista de Cruz del Eje Marcelo Angeli, aspirante a una banca provincial por el Frente Renovador.<\/p>\n<p>\u201cTenemos que tomar el compromiso de hablar con los vecinos porque la crisis del campo va a impactar en el pueblo\u201d, plante\u00f3 Andrade, de la SRA, mientras Baravalle, de la FAA, sostuvo que \u201ces dif\u00edcil ser productor cuando s\u00f3lo el flete de 300 kil\u00f3metros te saca el 50 por ciento de lo que lleva un cami\u00f3n de ma\u00edz\u201d.<\/p>\n<p>Los dirigentes agradecieron la presencia del intendente de Sinsacate, el apoyo del Centro Comercial de Jes\u00fas Mar\u00eda y hasta el de Gendarmer\u00eda y de la Polic\u00eda provincial, que organizaron el tr\u00e1nsito en la zona de la manifestaci\u00f3n.<\/p>\n<p>Tambi\u00e9n instaron a participar de la marcha convocada para el pr\u00f3ximo martes 7 en contra de la \u201ccolonizaci\u00f3n\u201d de la Justicia y en defensa del juez Cabral.<\/p>\n<p>Reclamos al Gobierno nacional<\/p>\n<p><strong>Medidas.<\/strong> Control de la inflaci\u00f3n que deteriora el poder adquisitivo de los argentinos; freno a la emisi\u00f3n monetaria descontrolada, que da\u00f1a la moneda nacional y distorsiona la estructura de costos; disminuci\u00f3n de la presi\u00f3n impositiva que agobia a toda inversi\u00f3n productiva, comercial e industrial; eliminaci\u00f3n de retenciones; supresi\u00f3n de los mecanismos de restricci\u00f3n de exportaciones.<\/p>\n<\/div>\n<p>La Voz del Interior<\/p>\n<div class=\"sharecontent\"><\/div>\n","protected":false},"excerpt":{"rendered":"<p>RECLAMO Las acciones de protesta comprenden una movilizaci\u00f3n nacional, el pr\u00f3ximo viernes 17 de este mes. La modalidad ser\u00e1 definida y coordinada por la mesa agropecuaria.<\/p>\n","protected":false},"author":5,"featured_media":0,"comment_status":"open","ping_status":"open","sticky":false,"template":"","format":"standard","meta":[],"categories":[42],"tags":[110,1581],"_links":{"self":[{"href":"http:\/\/rurallascolonias.com.ar\/index.php?rest_route=\/wp\/v2\/posts\/7168"}],"collection":[{"href":"http:\/\/rurallascolonias.com.ar\/index.php?rest_route=\/wp\/v2\/posts"}],"about":[{"href":"http:\/\/rurallascolonias.com.ar\/index.php?rest_route=\/wp\/v2\/types\/post"}],"author":[{"embeddable":true,"href":"http:\/\/rurallascolonias.com.ar\/index.php?rest_route=\/wp\/v2\/users\/5"}],"replies":[{"embeddable":true,"href":"http:\/\/rurallascolonias.com.ar\/index.php?rest_route=%2Fwp%2Fv2%2Fcomments&post=7168"}],"version-history":[{"count":4,"href":"http:\/\/rurallascolonias.com.ar\/index.php?rest_route=\/wp\/v2\/posts\/7168\/revisions"}],"predecessor-version":[{"id":7180,"href":"http:\/\/rurallascolonias.com.ar\/index.php?rest_route=\/wp\/v2\/posts\/7168\/revisions\/7180"}],"wp:attachment":[{"href":"http:\/\/rurallascolonias.com.ar\/index.php?rest_route=%2Fwp%2Fv2%2Fmedia&parent=7168"}],"wp:term":[{"taxonomy":"category","embeddable":true,"href":"http:\/\/rurallascolonias.com.ar\/index.php?rest_route=%2Fwp%2Fv2%2Fcategories&post=7168"},{"taxonomy":"post_tag","embeddable":true,"href":"http:\/\/rurallascolonias.com.ar\/index.php?rest_route=%2Fwp%2Fv2%2Ftags&post=7168"}],"curies":[{"name":"wp","href":"https:\/\/api.w.org\/{rel}","templated":true}]}}