{"id":7163,"date":"2015-07-01T16:58:38","date_gmt":"2015-07-01T16:58:38","guid":{"rendered":"http:\/\/rurallascolonias.com.ar\/?p=7163"},"modified":"2015-07-01T16:58:38","modified_gmt":"2015-07-01T16:58:38","slug":"agotados-y-decepcionados-los-tamberos-se-quejan-de-la-desidia-de-la-subsecretaria-de-lecheria","status":"publish","type":"post","link":"http:\/\/rurallascolonias.com.ar\/?p=7163","title":{"rendered":"\u201cAgotados y decepcionados\u201d, los tamberos se quejan de la desidia de la Subsecretar\u00eda de Lecher\u00eda"},"content":{"rendered":"<h2><a href=\"http:\/\/rurallascolonias.com.ar\/wp-content\/uploads\/2015\/01\/MEPROLSAFE.png\"><img loading=\"lazy\" class=\"aligncenter size-full wp-image-5361\" src=\"http:\/\/rurallascolonias.com.ar\/wp-content\/uploads\/2015\/01\/MEPROLSAFE.png\" alt=\"MEPROLSAFE\" width=\"274\" height=\"184\" \/><\/a>En un duro comunicado emitido por la MEPROLSAFE, los productores santafesinos acusan al Gobierno de malas intervenciones en la cadena, inoperancia para aportar soluciones a la crisis y mentiras que despiertan suspicacia. Piden avanzar en problemas estructurales.<\/h2>\n<p><!--more--><\/p>\n<p>La Mesa de Productores Lecheros de Santa Fe (MEPROLSAFE) emiti\u00f3 esta tarde un duro comunicado institucional en donde pone las cartas sobre la mesa y plantea sin bemoles la decepci\u00f3n que sienten con el Gobierno Nacional, especialmente con la Subsecretar\u00eda del \u00e1rea que maneja Jorge Arturo Videla, por las reiteradas crisis que viene sufriendo el sector primario en los \u00faltimos tiempos.<\/p>\n<p>\u201cLos productores tamberos estamos agotados de padecer c\u00edclicamente crisis por razones de coyunturas internas o externas; que funcionarios del Gobierno se jacten de los avances que ha tenido el sector en los \u00faltimos 12 a\u00f1os y cuando se analizan los n\u00fameros vemos que estamos igual que en el 2002 [en clara alusi\u00f3n al subsecretario Videla]; y que el Gobierno intervenga tarde y mal cada vez que lo hace (precios de corte, subsidios, pisos y techos de precios al productor, etc)\u201d, acusa el comunicado.<\/p>\n<p>A su vez se quejan de \u201cque el Estado no regule una actividad tan sensible a los mercados internacionales y a las contingencias clim\u00e1ticas\u201d, al tiempo que pasan factura de la infructuosa reuni\u00f3n en el Ministerio de Agricultura de hace 15 d\u00edas, aduciendo que les hab\u00edan prometido volver a reunirse para comunicarles algunas soluciones estructurales y nunca m\u00e1s los llamaron.<\/p>\n<p>MEPROLSAFE indica en esta misiva que \u201clos subsidios de coyuntura no le sirven al sistema productivo\u201d, en referencia a los 30 ctvs para peque\u00f1os tambos que, si bien est\u00e1 vigente, alcanz\u00f3 a muy pocos productores y a trav\u00e9s de un sistema que gener\u00f3 dudas y problemas administrativos.<\/p>\n<p>Los productores de Santa Fe reflotan una de las tantas promesas incumplidas por la Subsecretar\u00eda en los \u00faltimos a\u00f1os, que hubiese arrojado luz a una vieja disputa entre los eslabones: \u201cel estudio de competitividad de la cadena\u201d, y se preguntan capciosamente: \u201c\u00bfno ser\u00e1 acaso que el Estado es quien m\u00e1s renta se lleva sin arriesgar un peso?\u201d.<\/p>\n<p>Adem\u00e1s, se\u00f1alan que \u201cen todos estos a\u00f1os, nunca se analizaron las diversas propuestas de soluci\u00f3n que a nuestro entender le hacen falta al sector\u201d, siendo que \u201clas mismas han sido entregadas en mano a funcionarios de cada uno de los estamentos que nos recibieron: Ministerio de Agricultura; Ministerio de Econom\u00eda, Jefatura de Gabinete, Presidencia de la C\u00e1mara de Diputados de la Naci\u00f3n, etc\u201d.<\/p>\n<p><strong>\u201cPrescindibles\u201d<\/strong><\/p>\n<p>La MEPROLSAFE, la entidad m\u00e1s representativa del sector primario en la provincia, reconoce que \u201cla lecher\u00eda mundial est\u00e1 atravesando por un fuerte proceso de cambios productivos y de negocios que han impulsado los precios a una inesperada baja\u201d y que \u201cla tendencia se comenzar\u00eda a revertir reci\u00e9n en el segundo trimestre del 2016\u201d, por lo que les llama la atenci\u00f3n que \u201cel gobierno nacional no d\u00e9 se\u00f1ales de apoyo concreto a un sector de vital importancia para producir un alimento b\u00e1sico para el pa\u00eds\u201d.<\/p>\n<p>Uno de los puntos fuertes del extenso comunicado analiza: \u201csomos el primer eslab\u00f3n de la cadena l\u00e1ctea, pero quienes deben decidir pol\u00edticas de Estado coherentes con este sector nos tratan, curiosamente, como si fu\u00e9ramos \u2018prescindibles\u2019\u201d. Y se preguntan: \u201c\u00bfentender\u00e1n el impacto social de este proceso?\u201d.<\/p>\n<p>Desde la Mesa tambi\u00e9n dan a conocer que el precio de la materia prima, entre junio de 2014 y junio de 2015, creci\u00f3 s\u00f3lo un 3%, pasando de 3,06 $\/litro a 3,15 $\/litro: \u201cmuy lejos de la inflaci\u00f3n oficial\u00bb.<\/p>\n<p>Finalmente, proponen: \u201ces necesario la creaci\u00f3n de un fondo antic\u00edclico, el cual deber\u00eda ser usado en \u00e9pocas de crisis y desdoblar el precio de la leche que se exporta de la que va al mercado interno.\u201d<\/p>\n<p>Sin embargo, respecto a lo que est\u00e1n proponiendo las dem\u00e1s entidades del sector, disienten en las medidas de fuerza a tomar: \u201cla situaci\u00f3n no se resuelve con bloqueos a f\u00e1bricas\u00a0 y quema de neum\u00e1ticos en las rutas, como se intenta llevar a cabo desde otras instituciones; no es el camino hacia una soluci\u00f3n; hemos demostrado clara vocaci\u00f3n de di\u00e1logo\u201d. Por eso expresan con \u00e9nfasis su prop\u00f3sito: \u201cqueremos de una buena vez por todas, que se trabaje en los temas estructurales que afectan al sector para terminar con estas coyunturas que llevan al desaliento productivo y que impiden un crecimiento sostenido con adecuada planificaci\u00f3n\u201d.<\/p>\n<p><strong>Fuente: Nuestro Agro<\/strong><\/p>\n","protected":false},"excerpt":{"rendered":"<p>En un duro comunicado emitido por la MEPROLSAFE, los productores santafesinos acusan al Gobierno de malas intervenciones en la cadena, inoperancia para aportar soluciones a la crisis y mentiras que despiertan suspicacia. Piden avanzar en problemas estructurales.<\/p>\n","protected":false},"author":5,"featured_media":0,"comment_status":"open","ping_status":"open","sticky":false,"template":"","format":"standard","meta":[],"categories":[42],"tags":[519,434,227],"_links":{"self":[{"href":"http:\/\/rurallascolonias.com.ar\/index.php?rest_route=\/wp\/v2\/posts\/7163"}],"collection":[{"href":"http:\/\/rurallascolonias.com.ar\/index.php?rest_route=\/wp\/v2\/posts"}],"about":[{"href":"http:\/\/rurallascolonias.com.ar\/index.php?rest_route=\/wp\/v2\/types\/post"}],"author":[{"embeddable":true,"href":"http:\/\/rurallascolonias.com.ar\/index.php?rest_route=\/wp\/v2\/users\/5"}],"replies":[{"embeddable":true,"href":"http:\/\/rurallascolonias.com.ar\/index.php?rest_route=%2Fwp%2Fv2%2Fcomments&post=7163"}],"version-history":[{"count":1,"href":"http:\/\/rurallascolonias.com.ar\/index.php?rest_route=\/wp\/v2\/posts\/7163\/revisions"}],"predecessor-version":[{"id":7164,"href":"http:\/\/rurallascolonias.com.ar\/index.php?rest_route=\/wp\/v2\/posts\/7163\/revisions\/7164"}],"wp:attachment":[{"href":"http:\/\/rurallascolonias.com.ar\/index.php?rest_route=%2Fwp%2Fv2%2Fmedia&parent=7163"}],"wp:term":[{"taxonomy":"category","embeddable":true,"href":"http:\/\/rurallascolonias.com.ar\/index.php?rest_route=%2Fwp%2Fv2%2Fcategories&post=7163"},{"taxonomy":"post_tag","embeddable":true,"href":"http:\/\/rurallascolonias.com.ar\/index.php?rest_route=%2Fwp%2Fv2%2Ftags&post=7163"}],"curies":[{"name":"wp","href":"https:\/\/api.w.org\/{rel}","templated":true}]}}