{"id":7128,"date":"2015-06-28T23:20:50","date_gmt":"2015-06-28T23:20:50","guid":{"rendered":"http:\/\/rurallascolonias.com.ar\/?p=7128"},"modified":"2015-06-28T23:20:50","modified_gmt":"2015-06-28T23:20:50","slug":"desde-fada-advirtieron-que-en-junio-la-participacion-del-estado-en-la-renta-agricola-fue-del-935","status":"publish","type":"post","link":"http:\/\/rurallascolonias.com.ar\/?p=7128","title":{"rendered":"Desde FADA advirtieron que en junio la participaci\u00f3n del Estado en la renta agr\u00edcola fue del 93,5%"},"content":{"rendered":"<p><strong><em><\/em><\/strong><\/p>\n<h2><a href=\"http:\/\/rurallascolonias.com.ar\/wp-content\/uploads\/2015\/06\/renta-agr\u00edcola.jpg\"><img loading=\"lazy\" class=\"aligncenter size-full wp-image-7129\" src=\"http:\/\/rurallascolonias.com.ar\/wp-content\/uploads\/2015\/06\/renta-agr\u00edcola.jpg\" alt=\"renta agr\u00edcola\" width=\"337\" height=\"149\" srcset=\"http:\/\/rurallascolonias.com.ar\/wp-content\/uploads\/2015\/06\/renta-agr\u00edcola.jpg 337w, http:\/\/rurallascolonias.com.ar\/wp-content\/uploads\/2015\/06\/renta-agr\u00edcola-300x133.jpg 300w\" sizes=\"(max-width: 337px) 100vw, 337px\" \/><\/a>El informe atribuye ese elevado porcentaje a la permanencia de tributos como los derechos de exportaci\u00f3n. \u201cEl \u00edndice expone un problema de rentabilidad muy grande\u201d, advirtieron los especialistas.<\/h2>\n<p><!--more--><\/p>\n<p>Que el \u00edndice FADA mida la participaci\u00f3n del Estado en el 93,5% expone un problema de rentabilidad muy grande y explica el descontento de los productores rurales en todo el pa\u00eds. La campa\u00f1a que viene se van a cultivar menos hect\u00e1reas,m\u00e1s soja, menos ma\u00edz, menos trigo, con menos tecnolog\u00eda y menos fertilizaci\u00f3n. Y la problem\u00e1tica se potencia en las econom\u00edas regionales.<\/p>\n<p>El pa\u00eds necesita un cambio urgente de pol\u00edticas p\u00fablicas para revertir esta situaci\u00f3n, mejorar la sustentabilidad, producir m\u00e1s, exportar m\u00e1s y generar m\u00e1s empleo. Es necesario que los decisores pol\u00edticos comprendan que el tema excede al bolsillo del productor agropecuario, que afecta al suelo que le dejamos a nuestros hijos, que afecta de manera directa a las econom\u00eda del interior, que incide sobre las exportaciones y la disponibilidad de d\u00f3lares y que toca de manera directa a la generaci\u00f3n de empleo genuino.<\/p>\n<p><strong>Fuente: Nuestro Agro \/ FADA<\/strong><\/p>\n","protected":false},"excerpt":{"rendered":"<p>El informe atribuye ese elevado porcentaje a la permanencia de tributos como los derechos de exportaci\u00f3n. \u201cEl \u00edndice expone un problema de rentabilidad muy grande\u201d, advirtieron los especialistas.<\/p>\n","protected":false},"author":5,"featured_media":0,"comment_status":"open","ping_status":"open","sticky":false,"template":"","format":"standard","meta":[],"categories":[18],"tags":[2137,2138,707],"_links":{"self":[{"href":"http:\/\/rurallascolonias.com.ar\/index.php?rest_route=\/wp\/v2\/posts\/7128"}],"collection":[{"href":"http:\/\/rurallascolonias.com.ar\/index.php?rest_route=\/wp\/v2\/posts"}],"about":[{"href":"http:\/\/rurallascolonias.com.ar\/index.php?rest_route=\/wp\/v2\/types\/post"}],"author":[{"embeddable":true,"href":"http:\/\/rurallascolonias.com.ar\/index.php?rest_route=\/wp\/v2\/users\/5"}],"replies":[{"embeddable":true,"href":"http:\/\/rurallascolonias.com.ar\/index.php?rest_route=%2Fwp%2Fv2%2Fcomments&post=7128"}],"version-history":[{"count":1,"href":"http:\/\/rurallascolonias.com.ar\/index.php?rest_route=\/wp\/v2\/posts\/7128\/revisions"}],"predecessor-version":[{"id":7130,"href":"http:\/\/rurallascolonias.com.ar\/index.php?rest_route=\/wp\/v2\/posts\/7128\/revisions\/7130"}],"wp:attachment":[{"href":"http:\/\/rurallascolonias.com.ar\/index.php?rest_route=%2Fwp%2Fv2%2Fmedia&parent=7128"}],"wp:term":[{"taxonomy":"category","embeddable":true,"href":"http:\/\/rurallascolonias.com.ar\/index.php?rest_route=%2Fwp%2Fv2%2Fcategories&post=7128"},{"taxonomy":"post_tag","embeddable":true,"href":"http:\/\/rurallascolonias.com.ar\/index.php?rest_route=%2Fwp%2Fv2%2Ftags&post=7128"}],"curies":[{"name":"wp","href":"https:\/\/api.w.org\/{rel}","templated":true}]}}