{"id":7109,"date":"2015-06-25T17:00:57","date_gmt":"2015-06-25T17:00:57","guid":{"rendered":"http:\/\/rurallascolonias.com.ar\/?p=7109"},"modified":"2015-06-25T17:17:21","modified_gmt":"2015-06-25T17:17:21","slug":"la-expo-rural-de-rafaela-fue-presentada-oficialmente-y-sera-sede-de-la-fiesta-nacional-del-holando","status":"publish","type":"post","link":"http:\/\/rurallascolonias.com.ar\/?p=7109","title":{"rendered":"La Expo Rural de Rafaela fue presentada oficialmente y ser\u00e1 sede de la Fiesta Nacional del Holando"},"content":{"rendered":"<h2><a href=\"http:\/\/rurallascolonias.com.ar\/wp-content\/uploads\/2015\/06\/Expo-Rural-de-Rafaela.jpg\"><img loading=\"lazy\" class=\"aligncenter size-full wp-image-7110\" src=\"http:\/\/rurallascolonias.com.ar\/wp-content\/uploads\/2015\/06\/Expo-Rural-de-Rafaela.jpg\" alt=\"Expo Rural de Rafaela\" width=\"290\" height=\"174\" \/><\/a>La jura estar\u00e1 a cargo de un experto canadiense y participar\u00e1n las caba\u00f1as m\u00e1s importantes del pa\u00eds. El periodista Pablo Rossi y el licenciado de la BCR, Julio Calzada, ser\u00e1n algunos de los disertantes que habr\u00e1 en la muestra, del 20 al 23 de agosto.<\/h2>\n<p><!--more--><\/p>\n<p>Con la presencia de \u00a0sponsors, autoridades, funcionarios, invitados especiales, socios y medios de prensa,\u00a0 una importante convocatoria arrib\u00f3 a la Sociedad Rural de Rafaela para la presentaci\u00f3n oficial de la 108\u00b0 Expo Rural de Rafaela y la Regi\u00f3n. La ceremonia se realiz\u00f3 en la noche de jueves y cont\u00f3 con la presencia del presidente de Confederaciones Rurales Argentinas, Rub\u00e9n Ferrero. Adem\u00e1s, estuvieron el secretario de Agricultura de la provincia de Santa Fe, Luis Contigiani y el Intendente de la ciudad, Luis Castellano.<\/p>\n<p>El presidente de la entidad organizadora, Dar\u00edo Maina, se mostr\u00f3 conforme con la realizaci\u00f3n de una nueva edici\u00f3n, que se llevar\u00e1 a cabo del 20 al 23 de agosto. \u201cEsperemos que el clima nos acompa\u00f1a, sabemos que vamos a contar con la presencia de todo el p\u00fablico rural y de la ciudad\u201d, se\u00f1al\u00f3. \u00a0Y agreg\u00f3: \u201cesta exposici\u00f3n es una de las m\u00e1s importantes despu\u00e9s de Palermo\u201d.<\/p>\n<p>Entre las actividades que habr\u00e1 en la muestra pueden destacarse las disertaciones del periodista Pablo Rossi y del Director de Estudios e Informes Econ\u00f3micos de la Bolsa de Comercio de Rosario, Julio Calzada. Los espect\u00e1culos musicales esta vez tendr\u00e1n como protagonistas a bandas locales como \u201cEstilo Valentino\u201d o Zeta\u201d; en tanto, el sector gastron\u00f3mico estar\u00e1 bien representado con \u201cLos Cocineros Argentinos\u201d, que nuevamente demostrar\u00e1n sus habilidades en Rafaela.<\/p>\n<p><strong>Fiesta Nacional del Holando<\/strong><\/p>\n<p>El Vicepresidente de la Asociaci\u00f3n Criadores de Holando Argentino (ACHA), Gustavo Pussetto,\u00a0 particip\u00f3 del lanzamiento y confirm\u00f3 que la exposici\u00f3n ser\u00e1 sede de la Fiesta Nacional del Holando. La emblem\u00e1tica pista de Rafaela albergar\u00e1 a los mejores ejemplares lecheros del pa\u00eds y la jura estar\u00e1 a cargo de un experto canadiense.<\/p>\n<p><strong>Fuente: Nuestro Agro<\/strong><\/p>\n","protected":false},"excerpt":{"rendered":"<p>La jura estar\u00e1 a cargo de un experto canadiense y participar\u00e1n las caba\u00f1as m\u00e1s importantes del pa\u00eds. El periodista Pablo Rossi y el licenciado de la BCR, Julio Calzada, ser\u00e1n algunos de los disertantes que habr\u00e1 en la muestra, del 20 al 23 de agosto.<\/p>\n","protected":false},"author":5,"featured_media":0,"comment_status":"open","ping_status":"open","sticky":false,"template":"","format":"standard","meta":[],"categories":[14],"tags":[2133,2134],"_links":{"self":[{"href":"http:\/\/rurallascolonias.com.ar\/index.php?rest_route=\/wp\/v2\/posts\/7109"}],"collection":[{"href":"http:\/\/rurallascolonias.com.ar\/index.php?rest_route=\/wp\/v2\/posts"}],"about":[{"href":"http:\/\/rurallascolonias.com.ar\/index.php?rest_route=\/wp\/v2\/types\/post"}],"author":[{"embeddable":true,"href":"http:\/\/rurallascolonias.com.ar\/index.php?rest_route=\/wp\/v2\/users\/5"}],"replies":[{"embeddable":true,"href":"http:\/\/rurallascolonias.com.ar\/index.php?rest_route=%2Fwp%2Fv2%2Fcomments&post=7109"}],"version-history":[{"count":1,"href":"http:\/\/rurallascolonias.com.ar\/index.php?rest_route=\/wp\/v2\/posts\/7109\/revisions"}],"predecessor-version":[{"id":7111,"href":"http:\/\/rurallascolonias.com.ar\/index.php?rest_route=\/wp\/v2\/posts\/7109\/revisions\/7111"}],"wp:attachment":[{"href":"http:\/\/rurallascolonias.com.ar\/index.php?rest_route=%2Fwp%2Fv2%2Fmedia&parent=7109"}],"wp:term":[{"taxonomy":"category","embeddable":true,"href":"http:\/\/rurallascolonias.com.ar\/index.php?rest_route=%2Fwp%2Fv2%2Fcategories&post=7109"},{"taxonomy":"post_tag","embeddable":true,"href":"http:\/\/rurallascolonias.com.ar\/index.php?rest_route=%2Fwp%2Fv2%2Ftags&post=7109"}],"curies":[{"name":"wp","href":"https:\/\/api.w.org\/{rel}","templated":true}]}}