{"id":7090,"date":"2015-06-24T16:41:42","date_gmt":"2015-06-24T16:41:42","guid":{"rendered":"http:\/\/rurallascolonias.com.ar\/?p=7090"},"modified":"2015-06-24T16:41:42","modified_gmt":"2015-06-24T16:41:42","slug":"los-almacenes-venderan-leche-fluida-a-9","status":"publish","type":"post","link":"http:\/\/rurallascolonias.com.ar\/?p=7090","title":{"rendered":"Los almacenes vender\u00e1n leche fluida a $ 9"},"content":{"rendered":"<p><strong><em><a href=\"http:\/\/rurallascolonias.com.ar\/wp-content\/uploads\/2015\/06\/leche-3.jpg\"><img loading=\"lazy\" class=\"aligncenter size-full wp-image-7091\" src=\"http:\/\/rurallascolonias.com.ar\/wp-content\/uploads\/2015\/06\/leche-3.jpg\" alt=\"leche 3\" width=\"297\" height=\"169\" \/><\/a>Las segundas marcas hab\u00edan desaparecido de las estanter\u00edas. Con una red de compras buscar\u00e1n que se vuelvan a conseguir en los barrios<\/em><\/strong><!--more--><\/p>\n<p>Los almacenes vender\u00e1n leche fluida de segundas marcas a menos de 9 pesos, a partir de la constituci\u00f3n de una red de compra y distribuci\u00f3n que facilitar\u00e1 el acceso a estos productos de los comerciantes.<\/p>\n<p>Seg\u00fan el Centro de Almaceneros, el consumo de leche se retrajo un 24 por ciento en los dos \u00faltimos a\u00f1os, \u201cper\u00edodo coincidente con la desaparici\u00f3n de las segundas marcas que, por distintas causas, eligieron ser comercializadas en otros mercados, en perjuicio de los pueblos del interior del pa\u00eds\u201d, entiende la asociaci\u00f3n, que ya ven\u00eda denunciando la situaci\u00f3n desde hace tiempo.<\/p>\n<p>\u00bfC\u00f3mo lograr\u00e1n superar esta limitaci\u00f3n?: comprando en conjunto y en gran volumen. \u201cLos almacenes distribuidores de la red social, que se lanza en el d\u00eda de la fecha, tiene por objetivo generar nuevos canales de comercializaci\u00f3n, posibilitando a muchos productos llegar a un vasto mercado de la capital cordobesa que de otra manera ser\u00eda, por los costos, imposible\u201d.<\/p>\n<p>Se integrar\u00e1n m\u00e1s de 2000 comercios en la red, que tiene como meta lograr una mejor oferta de mercader\u00edas, a un mejor precio, con el beneficio a los consumidores que, por eliminar al m\u00e1ximo los costos de intermediaci\u00f3n, dispondr\u00e1n de m\u00e1s productos a un mejor precio, seg\u00fan el Centro de Almaceneros.<\/p>\n<p>La instituci\u00f3n presenta este lunes la red y firma un convenio con la Fundaci\u00f3n del Banco Provincia de C\u00f3rdoba para asesorar a comerciantes del noroeste y darles apoyo log\u00edstico.<br \/>\nhttp:\/\/www.diaadia.com.ar\/<\/p>\n","protected":false},"excerpt":{"rendered":"<p>Las segundas marcas hab\u00edan desaparecido de las estanter\u00edas. Con una red de compras buscar\u00e1n que se vuelvan a conseguir en los barrios<\/p>\n","protected":false},"author":5,"featured_media":0,"comment_status":"open","ping_status":"open","sticky":false,"template":"","format":"standard","meta":[],"categories":[14],"tags":[748,2129],"_links":{"self":[{"href":"http:\/\/rurallascolonias.com.ar\/index.php?rest_route=\/wp\/v2\/posts\/7090"}],"collection":[{"href":"http:\/\/rurallascolonias.com.ar\/index.php?rest_route=\/wp\/v2\/posts"}],"about":[{"href":"http:\/\/rurallascolonias.com.ar\/index.php?rest_route=\/wp\/v2\/types\/post"}],"author":[{"embeddable":true,"href":"http:\/\/rurallascolonias.com.ar\/index.php?rest_route=\/wp\/v2\/users\/5"}],"replies":[{"embeddable":true,"href":"http:\/\/rurallascolonias.com.ar\/index.php?rest_route=%2Fwp%2Fv2%2Fcomments&post=7090"}],"version-history":[{"count":1,"href":"http:\/\/rurallascolonias.com.ar\/index.php?rest_route=\/wp\/v2\/posts\/7090\/revisions"}],"predecessor-version":[{"id":7092,"href":"http:\/\/rurallascolonias.com.ar\/index.php?rest_route=\/wp\/v2\/posts\/7090\/revisions\/7092"}],"wp:attachment":[{"href":"http:\/\/rurallascolonias.com.ar\/index.php?rest_route=%2Fwp%2Fv2%2Fmedia&parent=7090"}],"wp:term":[{"taxonomy":"category","embeddable":true,"href":"http:\/\/rurallascolonias.com.ar\/index.php?rest_route=%2Fwp%2Fv2%2Fcategories&post=7090"},{"taxonomy":"post_tag","embeddable":true,"href":"http:\/\/rurallascolonias.com.ar\/index.php?rest_route=%2Fwp%2Fv2%2Ftags&post=7090"}],"curies":[{"name":"wp","href":"https:\/\/api.w.org\/{rel}","templated":true}]}}