{"id":7062,"date":"2015-06-19T17:02:14","date_gmt":"2015-06-19T17:02:14","guid":{"rendered":"http:\/\/rurallascolonias.com.ar\/?p=7062"},"modified":"2015-06-19T17:02:14","modified_gmt":"2015-06-19T17:02:14","slug":"el-gobierno-nacional-reconoce-que-la-superficie-sembrada-con-trigo-se-reduciria-un-5","status":"publish","type":"post","link":"http:\/\/rurallascolonias.com.ar\/?p=7062","title":{"rendered":"El Gobierno nacional reconoce que la superficie sembrada con trigo se reducir\u00eda un 5%"},"content":{"rendered":"<h2><a href=\"http:\/\/rurallascolonias.com.ar\/wp-content\/uploads\/2014\/12\/trigo-4.png\"><img loading=\"lazy\" class=\"aligncenter size-full wp-image-5111\" src=\"http:\/\/rurallascolonias.com.ar\/wp-content\/uploads\/2014\/12\/trigo-4.png\" alt=\"trigo 4\" width=\"327\" height=\"154\" srcset=\"http:\/\/rurallascolonias.com.ar\/wp-content\/uploads\/2014\/12\/trigo-4.png 327w, http:\/\/rurallascolonias.com.ar\/wp-content\/uploads\/2014\/12\/trigo-4-300x141.png 300w\" sizes=\"(max-width: 327px) 100vw, 327px\" \/><\/a>El informe mensual del SIIA, que depende del Ministerio de Agricultura, estima que en la campa\u00f1a 2015\/2016 la siembra de trigo rondar\u00eda los cinco millones de hect\u00e1reas.<\/h2>\n<p><!--more--><\/p>\n<p>Tres d\u00edas despu\u00e9s de que el ministro de Agricultura, Carlos Casamiquela, transmitiera su confianza en que \u00e1rea a sembrar con trigo en la campa\u00f1a que est\u00e1 en marcha ser\u00e1 \u00absimilar\u00bb al ciclo previo, la cartera agropecuaria dio a conocer su primera estimaci\u00f3n oficial para el cereal. En su informe de junio de las Estimaciones Agr\u00edcolas, el Ministerio pronostic\u00f3 que el trigo 2015\/16 cubrir\u00e1 cinco millones de hect\u00e1reas. As\u00ed, la superficie destinada al cereal caer\u00eda 5% respecto del a\u00f1o anterior, cuando se implant\u00f3 el grano en 5,26 millones de hect\u00e1reas, siempre seg\u00fan los datos de la cartera agropecuaria.<\/p>\n<p>En tanto, la Bolsa de Cereales de Buenos Aires recort\u00f3 ayer su previsi\u00f3n para el trigo 2015\/16. Estim\u00f3 que el \u00e1rea a cubrir estar\u00e1 en torno a 3,9 millones de hect\u00e1reas, 11,5% por debajo de las 4,4 millones de toneladas sembradas con el grano el a\u00f1o pasado. \u00abLa ventana \u00f3ptima para incorporar cultivares de ciclos largos se va cerrando sin poder concretar la intenci\u00f3n de superficie prevista\u00bb sostuvo la entidad en su informe mensual. Y expuso que \u00ablos elevados rendimientos de indiferencia, dada la relaci\u00f3n de precios y costos, son uno de los principales factores que desalienta\u00bb a plantar trigo.<\/p>\n<p>Por su parte, la Bolsa de Comercio de Rosario (BCR) plante\u00f3 que habr\u00e1 una retracci\u00f3n de hasta 20% interanual en la siembra de trigo y remarc\u00f3 que en el \u00e1rea n\u00facleo agr\u00edcola la ca\u00edda ser\u00e1 incluso mayor al 30%. La BCR estim\u00f3 un \u00e1rea total para el trigo de 3,5 millones de hect\u00e1reas, en los pisos hist\u00f3ricos.<\/p>\n<p><strong>Fuente: Nuestro Agro<\/strong><\/p>\n","protected":false},"excerpt":{"rendered":"<p>El informe mensual del SIIA, que depende del Ministerio de Agricultura, estima que en la campa\u00f1a 2015\/2016 la siembra de trigo rondar\u00eda los cinco millones de hect\u00e1reas.<\/p>\n","protected":false},"author":5,"featured_media":0,"comment_status":"open","ping_status":"open","sticky":false,"template":"","format":"standard","meta":[],"categories":[18],"tags":[123,2122,27],"_links":{"self":[{"href":"http:\/\/rurallascolonias.com.ar\/index.php?rest_route=\/wp\/v2\/posts\/7062"}],"collection":[{"href":"http:\/\/rurallascolonias.com.ar\/index.php?rest_route=\/wp\/v2\/posts"}],"about":[{"href":"http:\/\/rurallascolonias.com.ar\/index.php?rest_route=\/wp\/v2\/types\/post"}],"author":[{"embeddable":true,"href":"http:\/\/rurallascolonias.com.ar\/index.php?rest_route=\/wp\/v2\/users\/5"}],"replies":[{"embeddable":true,"href":"http:\/\/rurallascolonias.com.ar\/index.php?rest_route=%2Fwp%2Fv2%2Fcomments&post=7062"}],"version-history":[{"count":1,"href":"http:\/\/rurallascolonias.com.ar\/index.php?rest_route=\/wp\/v2\/posts\/7062\/revisions"}],"predecessor-version":[{"id":7063,"href":"http:\/\/rurallascolonias.com.ar\/index.php?rest_route=\/wp\/v2\/posts\/7062\/revisions\/7063"}],"wp:attachment":[{"href":"http:\/\/rurallascolonias.com.ar\/index.php?rest_route=%2Fwp%2Fv2%2Fmedia&parent=7062"}],"wp:term":[{"taxonomy":"category","embeddable":true,"href":"http:\/\/rurallascolonias.com.ar\/index.php?rest_route=%2Fwp%2Fv2%2Fcategories&post=7062"},{"taxonomy":"post_tag","embeddable":true,"href":"http:\/\/rurallascolonias.com.ar\/index.php?rest_route=%2Fwp%2Fv2%2Ftags&post=7062"}],"curies":[{"name":"wp","href":"https:\/\/api.w.org\/{rel}","templated":true}]}}