{"id":7053,"date":"2015-06-18T17:12:31","date_gmt":"2015-06-18T17:12:31","guid":{"rendered":"http:\/\/rurallascolonias.com.ar\/?p=7053"},"modified":"2015-06-18T17:12:31","modified_gmt":"2015-06-18T17:12:31","slug":"aseguran-que-el-agro-ya-genera-menos-empleos-que-el-sector-publico","status":"publish","type":"post","link":"http:\/\/rurallascolonias.com.ar\/?p=7053","title":{"rendered":"Aseguran que el agro ya genera menos empleos que el sector p\u00fablico"},"content":{"rendered":"<p><strong><em><a href=\"http:\/\/rurallascolonias.com.ar\/wp-content\/uploads\/2015\/06\/agro.jpg\"><img loading=\"lazy\" class=\"aligncenter size-full wp-image-7054\" src=\"http:\/\/rurallascolonias.com.ar\/wp-content\/uploads\/2015\/06\/agro.jpg\" alt=\"agro\" width=\"337\" height=\"149\" srcset=\"http:\/\/rurallascolonias.com.ar\/wp-content\/uploads\/2015\/06\/agro.jpg 337w, http:\/\/rurallascolonias.com.ar\/wp-content\/uploads\/2015\/06\/agro-300x133.jpg 300w\" sizes=\"(max-width: 337px) 100vw, 337px\" \/><\/a>Las cadenas agroalimentarias hablan de 2,7 millones de puestos de trabajo, mientras que el sector p\u00fablico ocupa 3,5 millones<\/em><\/strong><!--more--><\/p>\n<p>El campo pidi\u00f3 en el Congreso pol\u00edticas que le permitan crecer y generar empleo. Del principal entramado productivo de la Argentina hoy dependen menos personas que del sector p\u00fablico. Mientras el Estado increment\u00f3 en los \u00faltimos ocho a\u00f1os su plantilla de 2,4 a 3,5 millones de personas -y ya genera 1 de cada 4 empleos-, en el conjunto de las cadenas agroalimentarias trabajan 2,7 millones. Y decreciendo, seg\u00fan public\u00f3 el diario <a href=\"http:\/\/www.ieco.clarin.com\/economia\/agro-campo-empleo-fundacion_fada-congreso-Matias_Longoni_0_1377462662.html\">Clar\u00edn<\/a>.<\/p>\n<p>Los datos fueron presentados por el economista Ernesto Connor, en una reuni\u00f3n coorganizada por las fundaciones FADA y Barbecheando, y una decena de diputados de los diferentes bloques de la oposici\u00f3n, que intentaron as\u00ed retomar el debate sobre la problem\u00e1tica agropecuaria que qued\u00f3 virtualmente congelado tras el conflicto de 2008.<\/p>\n<p>\u201cSi se suman a los monotributistas, uno de cada tres empleos dependen del sector p\u00fablico. Es el tradicional modo de empleo provincial que ahora se aplica en Naci\u00f3n\u201d, indic\u00f3 Connor, quien contrast\u00f3 este avance con una persistente ca\u00edda de la demanda laboral del sector privado formal, que solo el a\u00f1o pasado habr\u00eda perdido 250 mil puestos de trabajo.<\/p>\n<p>Seg\u00fan un trabajo de la Fundaci\u00f3n FADA, una serie de pol\u00edticas adecuadas podr\u00edan comenzar a revertir esta tendencia, pues posibilitar\u00eda la creaci\u00f3n de medio mill\u00f3n de nuevos empleos en el sector agroalimentario, para llevar su plantilla a 3,2 millones, un nivel semejante al que ten\u00eda en 2010. Adicionalmente, seg\u00fan el economista, \u201cuna buena cantidad de planes sociales pueden ser reemplazados gradualmente por el nuevo empleo agropecuario\u201d.<\/p>\n<p>En un sal\u00f3n del anexo de Diputados copado por dirigentes rurales y de m\u00faltiples c\u00e1maras del sector, el enfoque sobre la potencialidad del agro como generador de empleo perdi\u00f3 originalidad cuando lleg\u00f3 el turno de hablar de medidas concretas para lograrlo.<\/p>\n<p>Una vez m\u00e1s se abon\u00f3 la hip\u00f3tesis de que lo que debe hacerse es reducir la presi\u00f3n fiscal sobre el sector (seg\u00fan otro economista, David Miazzo, el Estado se apodera actualmente 88,6% de la renta agr\u00edcola pampeana), para que las empresas del sector puedan producir m\u00e1s y deban tomar mano de obra. Con suma cortes\u00eda escuch\u00f3 la presentaci\u00f3n el kirchnerista Luis Basterra, presidente de la Comisi\u00f3n de Agricultura, que se retir\u00f3 cuando comenzaron a hablar sus pares de la oposici\u00f3n. \u201cPodr\u00edamos debatir horas, pero este es un punto de vista representativo de un sector importante de la producci\u00f3n\u201d, concedi\u00f3 el oficialista.<\/p>\n<p>Entre los convocantes hab\u00eda diputados de todos los colores pol\u00edticos, como los macristas Federico Pinedo, Christian Gribaudo y Patricia Bullrich, los radicales Juan Casa\u00f1as y H\u00e9ctor \u201cCachi\u201d Guti\u00e9rrez, el massista Gilberto Alegre, el peronista federal Carlos Brown, y hasta la precandidata a presidente del Frente Progresista, Margarita Stolbizer, que de todos modos no lleg\u00f3 a la reuni\u00f3n.<\/p>\n<p>Los presentes firmaron un compromiso para definir pol\u00edticas de Estado hacia 2020 para el sector agropecuario. \u201cEstamos convencidos que impulsar la producci\u00f3n debe ser uno de los pilares para el desarrollo de nuestra Naci\u00f3n\u201d, subray\u00f3 Casa\u00f1as.<\/p>\n<p>En ese contexto de pocos matices, justo cuando ingresaba al sal\u00f3n el l\u00edder del sindicato de peones rurales, Ger\u00f3nimo Momo Venegas, la diputada macrista Cornelia Schmidt-Liermann preguntaba con muy buen tino si los 500.000 empleos nuevos que promet\u00eda el sector iban a resolver el problema cr\u00f3nico del trabajo informal en el campo, que antes se hab\u00eda mensurado en unas 350.000 personas. Bullrich, ex ministra de Trabajo de la Alianza, lanz\u00f3 otra idea que hizo ruido, al proponer que en el futuro los productores compartan sus ganancias con sus trabajadores.<\/p>\n<p>Fuente: Clar\u00edn<\/p>\n","protected":false},"excerpt":{"rendered":"<p>Las cadenas agroalimentarias hablan de 2,7 millones de puestos de trabajo, mientras que el sector p\u00fablico ocupa 3,5 millones<\/p>\n","protected":false},"author":5,"featured_media":0,"comment_status":"open","ping_status":"open","sticky":false,"template":"","format":"standard","meta":[],"categories":[1],"tags":[110,2119,2120],"_links":{"self":[{"href":"http:\/\/rurallascolonias.com.ar\/index.php?rest_route=\/wp\/v2\/posts\/7053"}],"collection":[{"href":"http:\/\/rurallascolonias.com.ar\/index.php?rest_route=\/wp\/v2\/posts"}],"about":[{"href":"http:\/\/rurallascolonias.com.ar\/index.php?rest_route=\/wp\/v2\/types\/post"}],"author":[{"embeddable":true,"href":"http:\/\/rurallascolonias.com.ar\/index.php?rest_route=\/wp\/v2\/users\/5"}],"replies":[{"embeddable":true,"href":"http:\/\/rurallascolonias.com.ar\/index.php?rest_route=%2Fwp%2Fv2%2Fcomments&post=7053"}],"version-history":[{"count":1,"href":"http:\/\/rurallascolonias.com.ar\/index.php?rest_route=\/wp\/v2\/posts\/7053\/revisions"}],"predecessor-version":[{"id":7055,"href":"http:\/\/rurallascolonias.com.ar\/index.php?rest_route=\/wp\/v2\/posts\/7053\/revisions\/7055"}],"wp:attachment":[{"href":"http:\/\/rurallascolonias.com.ar\/index.php?rest_route=%2Fwp%2Fv2%2Fmedia&parent=7053"}],"wp:term":[{"taxonomy":"category","embeddable":true,"href":"http:\/\/rurallascolonias.com.ar\/index.php?rest_route=%2Fwp%2Fv2%2Fcategories&post=7053"},{"taxonomy":"post_tag","embeddable":true,"href":"http:\/\/rurallascolonias.com.ar\/index.php?rest_route=%2Fwp%2Fv2%2Ftags&post=7053"}],"curies":[{"name":"wp","href":"https:\/\/api.w.org\/{rel}","templated":true}]}}