{"id":7009,"date":"2015-06-16T16:57:09","date_gmt":"2015-06-16T16:57:09","guid":{"rendered":"http:\/\/rurallascolonias.com.ar\/?p=7009"},"modified":"2015-06-16T16:57:09","modified_gmt":"2015-06-16T16:57:09","slug":"videla-en-argentina-tenemos-un-sector-lechero-recuperado-y-con-fuerte-respaldo-del-estado","status":"publish","type":"post","link":"http:\/\/rurallascolonias.com.ar\/?p=7009","title":{"rendered":"VIDELA: \u00abEn Argentina tenemos un sector lechero recuperado y con fuerte respaldo del Estado\u00bb"},"content":{"rendered":"<p class=\"ecxMsoNormal\"><a href=\"http:\/\/rurallascolonias.com.ar\/wp-content\/uploads\/2015\/06\/gr\u00e1fico-producci\u00f3n-de-leche.png\"><img loading=\"lazy\" class=\"aligncenter size-full wp-image-7011\" src=\"http:\/\/rurallascolonias.com.ar\/wp-content\/uploads\/2015\/06\/gr\u00e1fico-producci\u00f3n-de-leche.png\" alt=\"gr\u00e1fico producci\u00f3n de leche\" width=\"224\" height=\"260\" \/><\/a>El subsecretario de Lecher\u00eda de la Naci\u00f3n, Arturo Videla, destac\u00f3 que la cadena l\u00e1ctea nacional ha \u201ccrecido de manera sostenida\u201d en estos 12 a\u00f1os de gesti\u00f3n presidencial de N\u00e9stor Kirchner y Cristina Fern\u00e1ndez de Kirchner.<!--more--><\/p>\n<p class=\"ecxMsoNormal\">El funcionario resalt\u00f3 que en el 2003 el sector lechero se encontraba en una situaci\u00f3n \u201ccr\u00edtica\u201d, con una producci\u00f3n nacional de 7,9 millones de litros, y que en el 2011 se hab\u00eda alcanzado el r\u00e9cord de 11,6 millones de litros.<\/p>\n<p>\u201cEn estos \u00faltimos a\u00f1os hemos tenido inconvenientes clim\u00e1ticos que han impactado negativamente en las principales cuencas lecheras, como ha pasado este a\u00f1o en C\u00f3rdoba y Santa Fe\u201d, manifest\u00f3 Videla.<\/p>\n<p>Asimismo, resalt\u00f3 que ante esas situaciones de adversidad clim\u00e1tica \u201cel Estado nacional estuvo presente dando respuestas en inversiones para recuperar la infraestructura rural y sostener a las econom\u00edas regionales\u201d.<\/p>\n<p>En declaraciones formuladas a T\u00e9lam, el funcionario manifest\u00f3 que en materia de pol\u00edticas lecheras siempre se est\u00e1 pensando en el mediano y largo plazo, \u201casumiendo que se trata de un sector que depende del escenario internacional que hoy nos est\u00e1 dando una se\u00f1al de precios muy bajos por los commodities\u201d.<\/p>\n<p>\u201cSe ha avanzado mucho, siempre queda por hacer\u201d, consider\u00f3 el secretario de Lecher\u00eda, y en ese sentido sostuvo que ser\u00eda importante avanzar en un \u201cmarco regulatorio que genere las herramientas antic\u00edclicas para el mejor desarrollo del sector l\u00e1cteo\u201d nacional.<\/p>\n<p>Finalmente, <b>adelant\u00f3 que en la jornada de hoy se realizar\u00e1 una reuni\u00f3n con <\/b><b>los actores de la producci\u00f3n l\u00e1ctea, de la industria y de los trabajadores<\/b><b>,<\/b> para delinear el trabajo sobre la coyuntura sectorial de cara a la primavera donde \u201cesperamos un nivel de producci\u00f3n importante\u201d, remarc\u00f3.<\/p>\n<p class=\"ecxMsoNormal\">\n","protected":false},"excerpt":{"rendered":"<p>El subsecretario de Lecher\u00eda de la Naci\u00f3n, Arturo Videla, destac\u00f3 que la cadena l\u00e1ctea nacional ha \u201ccrecido de manera sostenida\u201d en estos 12 a\u00f1os de gesti\u00f3n presidencial de N\u00e9stor Kirchner y Cristina Fern\u00e1ndez de Kirchner.<\/p>\n","protected":false},"author":5,"featured_media":0,"comment_status":"open","ping_status":"open","sticky":false,"template":"","format":"standard","meta":[],"categories":[29],"tags":[25],"_links":{"self":[{"href":"http:\/\/rurallascolonias.com.ar\/index.php?rest_route=\/wp\/v2\/posts\/7009"}],"collection":[{"href":"http:\/\/rurallascolonias.com.ar\/index.php?rest_route=\/wp\/v2\/posts"}],"about":[{"href":"http:\/\/rurallascolonias.com.ar\/index.php?rest_route=\/wp\/v2\/types\/post"}],"author":[{"embeddable":true,"href":"http:\/\/rurallascolonias.com.ar\/index.php?rest_route=\/wp\/v2\/users\/5"}],"replies":[{"embeddable":true,"href":"http:\/\/rurallascolonias.com.ar\/index.php?rest_route=%2Fwp%2Fv2%2Fcomments&post=7009"}],"version-history":[{"count":3,"href":"http:\/\/rurallascolonias.com.ar\/index.php?rest_route=\/wp\/v2\/posts\/7009\/revisions"}],"predecessor-version":[{"id":7024,"href":"http:\/\/rurallascolonias.com.ar\/index.php?rest_route=\/wp\/v2\/posts\/7009\/revisions\/7024"}],"wp:attachment":[{"href":"http:\/\/rurallascolonias.com.ar\/index.php?rest_route=%2Fwp%2Fv2%2Fmedia&parent=7009"}],"wp:term":[{"taxonomy":"category","embeddable":true,"href":"http:\/\/rurallascolonias.com.ar\/index.php?rest_route=%2Fwp%2Fv2%2Fcategories&post=7009"},{"taxonomy":"post_tag","embeddable":true,"href":"http:\/\/rurallascolonias.com.ar\/index.php?rest_route=%2Fwp%2Fv2%2Ftags&post=7009"}],"curies":[{"name":"wp","href":"https:\/\/api.w.org\/{rel}","templated":true}]}}