{"id":7007,"date":"2015-06-16T10:24:19","date_gmt":"2015-06-16T10:24:19","guid":{"rendered":"http:\/\/rurallascolonias.com.ar\/?p=7007"},"modified":"2015-06-16T10:24:19","modified_gmt":"2015-06-16T10:24:19","slug":"productores-lecheros-nucleados-en-apla-fueron-citados-por-el-ministerio-de-agricultura","status":"publish","type":"post","link":"http:\/\/rurallascolonias.com.ar\/?p=7007","title":{"rendered":"Productores lecheros nucleados en APLA fueron citados por el Ministerio de Agricultura"},"content":{"rendered":"<p><em><strong><a href=\"http:\/\/rurallascolonias.com.ar\/wp-content\/uploads\/2014\/06\/productores-lecheros.jpg\"><img loading=\"lazy\" class=\"alignleft size-full wp-image-2948\" src=\"http:\/\/rurallascolonias.com.ar\/wp-content\/uploads\/2014\/06\/productores-lecheros.jpg\" alt=\"productores lecheros\" width=\"300\" height=\"225\" \/><\/a>La agrupaci\u00f3n de productores lo inform\u00f3 mediante un comunicado de prensa<\/strong><\/em><!--more--><\/p>\n<p>La agrupaci\u00f3n de productores lo inform\u00f3 mediante un comunicado de prensa, en el que destaca que, tras los planteos realizados en Morteros el pasado 2 de junio, finalmente fueron citados para asistir a una reuni\u00f3n en el Ministerio de Agricultura de la Naci\u00f3n.<\/p>\n<p>Ser\u00e1 el pr\u00f3ximo martes 16, donde \u201cse analizar\u00e1 la coyuntura del sector\u201d y se llevar\u00e1 \u201cun plan de medidas a corto, mediano y largo plazo\u201d.<\/p>\n<p>Adem\u00e1s, el comunicado destaca que tambi\u00e9n se solicit\u00f3 una audiencia con el presidente del Banco Naci\u00f3n, Juan Ignacio Forl\u00f3n, a quien tambi\u00e9n se le presentar\u00e1 un plan de medidas.<\/p>\n<p>El comunicado recomienda adem\u00e1s que \u201ctodos aquellos productores que no han percibido a\u00fan la compensaci\u00f3n de 30 centavos por litro de leche, pueden ponerse en contacto al mail aplalecheros@gmail.com \u201c.<\/p>\n<p>Recepcionados todos los reclamos, los mismos ser\u00e1n canalizados a la Secretar\u00eda de Comercio durante la semana que viene.<\/p>\n<p>Fuente: radiomorteros.com<\/p>\n","protected":false},"excerpt":{"rendered":"<p>La agrupaci\u00f3n de productores lo inform\u00f3 mediante un comunicado de prensa<\/p>\n","protected":false},"author":5,"featured_media":0,"comment_status":"open","ping_status":"open","sticky":false,"template":"","format":"standard","meta":[],"categories":[42],"tags":[2004,253,241,74],"_links":{"self":[{"href":"http:\/\/rurallascolonias.com.ar\/index.php?rest_route=\/wp\/v2\/posts\/7007"}],"collection":[{"href":"http:\/\/rurallascolonias.com.ar\/index.php?rest_route=\/wp\/v2\/posts"}],"about":[{"href":"http:\/\/rurallascolonias.com.ar\/index.php?rest_route=\/wp\/v2\/types\/post"}],"author":[{"embeddable":true,"href":"http:\/\/rurallascolonias.com.ar\/index.php?rest_route=\/wp\/v2\/users\/5"}],"replies":[{"embeddable":true,"href":"http:\/\/rurallascolonias.com.ar\/index.php?rest_route=%2Fwp%2Fv2%2Fcomments&post=7007"}],"version-history":[{"count":1,"href":"http:\/\/rurallascolonias.com.ar\/index.php?rest_route=\/wp\/v2\/posts\/7007\/revisions"}],"predecessor-version":[{"id":7008,"href":"http:\/\/rurallascolonias.com.ar\/index.php?rest_route=\/wp\/v2\/posts\/7007\/revisions\/7008"}],"wp:attachment":[{"href":"http:\/\/rurallascolonias.com.ar\/index.php?rest_route=%2Fwp%2Fv2%2Fmedia&parent=7007"}],"wp:term":[{"taxonomy":"category","embeddable":true,"href":"http:\/\/rurallascolonias.com.ar\/index.php?rest_route=%2Fwp%2Fv2%2Fcategories&post=7007"},{"taxonomy":"post_tag","embeddable":true,"href":"http:\/\/rurallascolonias.com.ar\/index.php?rest_route=%2Fwp%2Fv2%2Ftags&post=7007"}],"curies":[{"name":"wp","href":"https:\/\/api.w.org\/{rel}","templated":true}]}}