{"id":6991,"date":"2015-06-15T11:23:34","date_gmt":"2015-06-15T11:23:34","guid":{"rendered":"http:\/\/rurallascolonias.com.ar\/?p=6991"},"modified":"2015-06-15T12:01:46","modified_gmt":"2015-06-15T12:01:46","slug":"ferrero-es-mentira-que-estamos-del-otro-lado-del-gobierno-tirando-piedras","status":"publish","type":"post","link":"http:\/\/rurallascolonias.com.ar\/?p=6991","title":{"rendered":"Ferrero: \u00abEs mentira que estamos del otro lado del gobierno tirando piedras\u00bb"},"content":{"rendered":"<p><a href=\"http:\/\/rurallascolonias.com.ar\/wp-content\/uploads\/2014\/09\/FERRERO1.png\"><img loading=\"lazy\" class=\"aligncenter size-full wp-image-4117\" src=\"http:\/\/rurallascolonias.com.ar\/wp-content\/uploads\/2014\/09\/FERRERO1.png\" alt=\"FERRERO\" width=\"307\" height=\"164\" srcset=\"http:\/\/rurallascolonias.com.ar\/wp-content\/uploads\/2014\/09\/FERRERO1.png 307w, http:\/\/rurallascolonias.com.ar\/wp-content\/uploads\/2014\/09\/FERRERO1-300x160.png 300w\" sizes=\"(max-width: 307px) 100vw, 307px\" \/><\/a>El presidente de CRA carg\u00f3 contra el discurso oficial. \u00abEl gobierno se encarg\u00f3 continuamente de no recibirnos y hacer todo a contramano\u00bb, asegur\u00f3.<!--more--><\/p>\n<p>Confederaciones Rurales Argentinas (CRA) present\u00f3 su trabajo \u00abC\u00f3mo estamos, qu\u00e9 dijimos, hacia d\u00f3nde vamos\u00bb, un diagn\u00f3stico sobre los efectos de las pol\u00edticas agropecuarias aplicadas durante los \u00faltimos diez a\u00f1os.<\/p>\n<p>En trabajo analiza la situaci\u00f3n econ\u00f3mica de las distintas regiones de la Argentina de la mano de productores y t\u00e9cnicos y propone \u00abun cambio que posicione a la Argentina como potencia mundial de alimentos\u00bb.<\/p>\n<p>En ese contexto, <strong>Infocampo TV Online<\/strong> dialog\u00f3 con el presidente de CRA, Rub\u00e9n Ferrero, quien carg\u00f3 contra el discurso oficial.<\/p>\n<p>Para el dirigente, la realidad de los productores \u00abno tiene nada que ver con el relato de la Presidenta ni con el premio de la FAO ni con todo lo que se dice del Gobierno\u00bb.<\/p>\n<p>En ese sentido, afirm\u00f3 que \u00abhay que recorrer el interior del pa\u00eds y ver que est\u00e1 pasando con las producciones\u00bb.<\/p>\n<p>Ferrero, se\u00f1al\u00f3 que los problemas para el campo comenzaron en 2005 \u00abcon la intervenci\u00f3n de Guillermo Moreno (entonces secretario de Comercio) en el negocio de la carne\u00bb.<\/p>\n<p>En tanto, asegur\u00f3 que \u00abla Argentina necesita producir m\u00e1s\u00bb y as\u00ed lograr \u00abgenerar m\u00e1s mano de obra genuina para ir sacando de los subsidios a la gente e insertarla en el mercado laboral y para que ingresen divisas\u00bb.<\/p>\n<p>Con respecto a la relaci\u00f3n con el Gobierno, dispar\u00f3: \u00abEs mentira que estamos del otro lado del gobierno tirando piedras. El gobierno se encarg\u00f3 de venderle eso a la sociedad y el gobierno se encarg\u00f3 continuamente de no recibirnos y hacer todo a contramano de lo que nosotros entend\u00edamos que hab\u00eda que llevar adelante\u00bb.<\/p>\n<h2 class=\"subtitulosnota\">Lo que viene<\/h2>\n<p>En cuanto a la expectativa por el cambio de Gobierno, Ferrero asegur\u00f3 que \u00abva a haber una relaci\u00f3n distintas con los sectores productivos, incluyendo al campo\u00bb.<\/p>\n<p>\u00abCreemos que es necesario que el campo est\u00e9 sentado en la mesa de negociaci\u00f3n para ver como entre todos encontramos las soluciones que necesitamos\u00bb, concluy\u00f3.<\/p>\n<p>Fuente: Infocampo<\/p>\n","protected":false},"excerpt":{"rendered":"<p>El presidente de CRA carg\u00f3 contra el discurso oficial. \u00abEl gobierno se encarg\u00f3 continuamente de no recibirnos y hacer todo a contramano\u00bb, asegur\u00f3.<\/p>\n","protected":false},"author":5,"featured_media":0,"comment_status":"open","ping_status":"open","sticky":false,"template":"","format":"standard","meta":[],"categories":[14],"tags":[373],"_links":{"self":[{"href":"http:\/\/rurallascolonias.com.ar\/index.php?rest_route=\/wp\/v2\/posts\/6991"}],"collection":[{"href":"http:\/\/rurallascolonias.com.ar\/index.php?rest_route=\/wp\/v2\/posts"}],"about":[{"href":"http:\/\/rurallascolonias.com.ar\/index.php?rest_route=\/wp\/v2\/types\/post"}],"author":[{"embeddable":true,"href":"http:\/\/rurallascolonias.com.ar\/index.php?rest_route=\/wp\/v2\/users\/5"}],"replies":[{"embeddable":true,"href":"http:\/\/rurallascolonias.com.ar\/index.php?rest_route=%2Fwp%2Fv2%2Fcomments&post=6991"}],"version-history":[{"count":1,"href":"http:\/\/rurallascolonias.com.ar\/index.php?rest_route=\/wp\/v2\/posts\/6991\/revisions"}],"predecessor-version":[{"id":6992,"href":"http:\/\/rurallascolonias.com.ar\/index.php?rest_route=\/wp\/v2\/posts\/6991\/revisions\/6992"}],"wp:attachment":[{"href":"http:\/\/rurallascolonias.com.ar\/index.php?rest_route=%2Fwp%2Fv2%2Fmedia&parent=6991"}],"wp:term":[{"taxonomy":"category","embeddable":true,"href":"http:\/\/rurallascolonias.com.ar\/index.php?rest_route=%2Fwp%2Fv2%2Fcategories&post=6991"},{"taxonomy":"post_tag","embeddable":true,"href":"http:\/\/rurallascolonias.com.ar\/index.php?rest_route=%2Fwp%2Fv2%2Ftags&post=6991"}],"curies":[{"name":"wp","href":"https:\/\/api.w.org\/{rel}","templated":true}]}}