{"id":6984,"date":"2015-06-12T16:47:35","date_gmt":"2015-06-12T16:47:35","guid":{"rendered":"http:\/\/rurallascolonias.com.ar\/?p=6984"},"modified":"2015-06-12T17:06:42","modified_gmt":"2015-06-12T17:06:42","slug":"instan-a-evitar-el-riesgo-de-dejar-de-vacunar-contra-la-fiebre-aftosa","status":"publish","type":"post","link":"http:\/\/rurallascolonias.com.ar\/?p=6984","title":{"rendered":"Instan a evitar el riesgo de dejar de vacunar contra la fiebre aftosa"},"content":{"rendered":"<div class=\"description\"><a href=\"http:\/\/rurallascolonias.com.ar\/wp-content\/uploads\/2014\/03\/vacunaci\u00f3n-brucelosis.jpg\"><img loading=\"lazy\" class=\"aligncenter size-full wp-image-1886\" src=\"http:\/\/rurallascolonias.com.ar\/wp-content\/uploads\/2014\/03\/vacunaci\u00f3n-brucelosis.jpg\" alt=\"vacunaci\u00f3n brucelosis\" width=\"282\" height=\"179\" \/><\/a>Tras reunirse en Montevideo productores e industriales de la carne recordaron que cuando ces\u00f3 la vacunaci\u00f3n hubo graves perjuicios.<\/div>\n<p><!--more--><\/p>\n<p>&nbsp;<\/p>\n<div class=\"authorinfo\"><\/div>\n<div class=\"vsmcontent\">\n<p>Productores e industriales del Mercosur vinculados al sector c\u00e1rnico se\u00f1alaron como un gran riesgo la decisi\u00f3n de dejar de vacunar contra la <a href=\"http:\/\/www.elobservador.com.uy\/fiebre-aftosa-a1352\" rel=\"1352\">fiebre aftosa<\/a> en la regi\u00f3n, actitud que por ejemplo est\u00e1 evalu\u00e1ndose en el estado de Paran\u00e1, en Brasil, argumentando que ello no supone ninguna ventaja y s\u00ed ambienta da\u00f1os comerciales que ya hubo en esta zona del continente al inicio de la d\u00e9cada pasada, perjuicios que en mayor o menor medida afectaron especialmente a la agroindustria c\u00e1rnica, pero globalmente a las econom\u00edas nacionales y a las poblaciones involucradas.<\/p>\n<p>Esta novedad fue expuesta este jueves en la sede de la Asociaci\u00f3n Rural del Uruguay (ARU), donde se reunieron los directivos del Foro Mercosur de la <a href=\"http:\/\/www.elobservador.com.uy\/carne-a149\" rel=\"149\">Carne<\/a> (FMC).<\/p>\n<p>Carlos Pedretti Fern\u00e1ndez, presidente pro t\u00e9mpore del FMC y directivo de la Asociaci\u00f3n Rural del Paraguay (ARP), fue quien ley\u00f3 un comunicado elaborado tras dicho \u00e1mbito de trabajo.<\/p>\n<p><b>El comunicado del Foro Mercosur de la Carne\u00a0<\/b><\/p>\n<p>Frente a iniciativas originadas en foros internacionales (Phefa, Cosalfa y otras), as\u00ed como a decisiones de autoridades nacionales o estaduales en la regi\u00f3n relacionadas con el cese de la vacunaci\u00f3n contra fiebre aftosa, el FMC declara que:Ratifica la necesidad de contar con un programa de control y erradicaci\u00f3n de la fiebre aftosa de car\u00e1cter supranacional, por tratarse de una enfermedad transfronteriza que requiere la aplicaci\u00f3n de medidas armonizadas y coordinadas entre los pa\u00edses de la regi\u00f3n.<\/p>\n<p>Rechaza toda decisi\u00f3n nacional o sub nacional de cesar la vacunaci\u00f3n contra la fiebre aftosa que no est\u00e9 debidamente fundamentada y cuyo impacto no sea evaluado mediante un an\u00e1lisis de riesgo nacional.<\/p>\n<p>Propicia la armonizaci\u00f3n de pol\u00edticas sanitarias en la regi\u00f3n.<\/p>\n<p>Se\u00f1ala la importancia de fortalecer los programas de prevenci\u00f3n del reingreso de la enfermedad.<\/p>\n<p>El FMC reitera su posici\u00f3n en el sentido que el estatus de \u00abpa\u00eds libre de fiebre aftosa en el que se aplica la vacunaci\u00f3n\u00bb y el de \u00abpa\u00eds libre de fiebre aftosa en el que no se aplica la vacunaci\u00f3n\u00bb son totalmente equivalentes desde el punto de vista cient\u00edfico, por lo que no se justifica ninguna exigencia m\u00e1s estricta para el caso de los que mantienen la vacunaci\u00f3n.<\/p>\n<p>Pedretti, tras leer la declaraci\u00f3n del FMC, a\u00f1adi\u00f3 que \u00abesta es una situaci\u00f3n que nos preocupa much\u00edsimo, como productores\u00bb. De inmediato resalt\u00f3 el valor de la regi\u00f3n por el volumen y la calidad de sus rodeos y por su capacidad de exportaci\u00f3n de carne. \u00abLas actividades pecuarias son pilares fundamentales de las econom\u00edas de nuestros pa\u00edses\u00bb, dijo, dejando en claro por qu\u00e9 una decisi\u00f3n inadecuada, dejar de vacunar, puede ser realmente un riesgo.<\/p>\n<p>Se pide que ello se evite \u00abpara no tener que sufrir situaciones similares a las que tuvimos en los inicios de los a\u00f1os 2000, cuando diversos pa\u00edses tuvieron que sufrir restricciones de ventas de nuestros productos porque est\u00e1bamos con focos de aftosa debido al cese de la vacunaci\u00f3n\u00bb.<\/p>\n<p>\u00abLas actividades pecuarias son pilares fundamentales de las econom\u00edas de nuestros pa\u00edses\u00bb, destac\u00f3 Carlos Pedretti.<\/p>\n<p>Admiti\u00f3 que recientemente hubo declaraciones del estado de Paran\u00e1, en Brasil, que es fronterizo con Paraguay: \u00abnos preocupa que las autoridades de ese estado quieran cesar la vacunaci\u00f3n\u00bb.<\/p>\n<p>Record\u00f3 que en Brasil hay un \u00fanico estado, el de Santa Catarina, que es libre de fiebre aftosa sin vacunaci\u00f3n, pero aclar\u00f3 que posee un rodeo muy peque\u00f1o; \u00abhay otros estados que se podr\u00edan sumar a esta iniciativa y si esto no ocurre en el marco de un an\u00e1lisis correcto del riesgo que puede representar puede ser muy peligroso\u00bb.<\/p>\n<p><b>El valor de uniformizar pol\u00edticas sanitarias\u00a0<\/b><\/p>\n<p>H\u00e9ctor Salamanco, integrante del FMC por el Consorcio de Exportadores de Carnes Argentinas (ABC), destac\u00f3 que, a prop\u00f3sito de las negociaciones del Mercosur con la Uni\u00f3n Europea (UE), desde el bloque europeo se plantean diversas se\u00f1ales y entre ellas una que ha sido consistente es la de uniformizar las pol\u00edticas sanitarias en el Mercosur.\u00bbSi tenemos pol\u00edticas sanitarias armonizadas en primer lugar vamos a lograr una fortaleza regional y en segundo lugar vamos a poder comunicar con una voz \u00fanica al resto de los mercados cu\u00e1l es la situaci\u00f3n sanitaria; hoy por hoy eso no existe, las pol\u00edticas son nacionales, no tienen armonizaci\u00f3n y hay, digamos, situaciones distintas para equivalentes problemas\u00bb, reflexion\u00f3.<\/p>\n<p>El Foro Mercosur de la Carne se\u00f1al\u00f3 la importancia de fortalecer los programas de prevenci\u00f3n del reingreso de la fiebre aftosa.<\/p>\n<p>Pedretti destac\u00f3 luego la convicci\u00f3n que existe en los integrantes del FMC sobre el valor que tiene \u00abcolaborar t\u00e9cnicamente en llevar adelante los programas de trabajo, tanto colaborar con las instituciones p\u00fablicas que nos dan el soporte sanitario, que son los que firman los certificados sanitarios, y con nuestros propios colegas, tanto productores pecuarios como industriales\u00bb.<\/p>\n<p>Aprovech\u00f3 para se\u00f1alar que la divisi\u00f3n que antes exist\u00eda, generando rivalidades incluso entre los pa\u00edses, ha quedado de lado \u00abbuscando construir un <a href=\"http:\/\/www.elobservador.com.uy\/mercosur-a88\" rel=\"88\">Mercosur<\/a> fuerte que ayude a que nuestro producto se valorice cada vez m\u00e1s\u00bb, accionando en bloque, algo que seg\u00fan plantean los analistas econ\u00f3micos, ser\u00e1 cada vez m\u00e1s necesario.<\/p>\n<p>El directivo concluy\u00f3 su oratoria citando la frase de Mart\u00edn Fierro en la que insta a los hermanos a estar unidos para que no los devoren los de afuera.<\/p>\n<p><b>Entidades del Foro Mercosur de la Carne\u00a0<\/b><\/p>\n<p>El Foro Mercosur de la Carne (FMC) es una entidad privada internacional que nuclea a las principales organizaciones de productores ganaderos y de la industria frigor\u00edfica del Mercosur.Estas entidades miembros son:<\/p>\n<p>Por Argentina,<b> Confederaciones Rurales Argentinas (CRA)<\/b>; Consorcio de Exportadores de Carnes Argentinas (ABC); y Sociedad Rural Argentina (SRA).<\/p>\n<p>Por Brasil, Asociaci\u00f3n Brasilera de las Industrias Exportadoras de Carnes (Abiec); Confederaci\u00f3n de Agricultura y Pecuaria de Brasil (CNA); y Sociedad Rural Brasilera (SRB).<\/p>\n<p>Por Paraguay, Asociaci\u00f3n de la Industria Frigor\u00edfica del Uruguay (Adifu); Asociaci\u00f3n Rural del Uruguay (ARU); C\u00e1mara de la Industria Frigor\u00edfica del Uruguay (CIF); y Federaci\u00f3n Rural (FR).<\/p>\n<p>Y por Paraguay, Asociaci\u00f3n Rural del Paraguay (ARP); y C\u00e1mara Paraguaya de Carne (CPC).<\/p>\n<p>Fuente: <a title=\"El Observador\" href=\"http:\/\/www.elobservador.com.uy\/\">El Observador<\/a><\/p>\n<p>&nbsp;<\/p>\n<\/div>\n<p>&nbsp;<\/p>\n","protected":false},"excerpt":{"rendered":"<p>Tras reunirse en Montevideo productores e industriales de la carne recordaron que cuando ces\u00f3 la vacunaci\u00f3n hubo graves perjuicios.<\/p>\n","protected":false},"author":5,"featured_media":0,"comment_status":"open","ping_status":"open","sticky":false,"template":"","format":"standard","meta":[],"categories":[14],"tags":[2111,555,2110],"_links":{"self":[{"href":"http:\/\/rurallascolonias.com.ar\/index.php?rest_route=\/wp\/v2\/posts\/6984"}],"collection":[{"href":"http:\/\/rurallascolonias.com.ar\/index.php?rest_route=\/wp\/v2\/posts"}],"about":[{"href":"http:\/\/rurallascolonias.com.ar\/index.php?rest_route=\/wp\/v2\/types\/post"}],"author":[{"embeddable":true,"href":"http:\/\/rurallascolonias.com.ar\/index.php?rest_route=\/wp\/v2\/users\/5"}],"replies":[{"embeddable":true,"href":"http:\/\/rurallascolonias.com.ar\/index.php?rest_route=%2Fwp%2Fv2%2Fcomments&post=6984"}],"version-history":[{"count":2,"href":"http:\/\/rurallascolonias.com.ar\/index.php?rest_route=\/wp\/v2\/posts\/6984\/revisions"}],"predecessor-version":[{"id":6987,"href":"http:\/\/rurallascolonias.com.ar\/index.php?rest_route=\/wp\/v2\/posts\/6984\/revisions\/6987"}],"wp:attachment":[{"href":"http:\/\/rurallascolonias.com.ar\/index.php?rest_route=%2Fwp%2Fv2%2Fmedia&parent=6984"}],"wp:term":[{"taxonomy":"category","embeddable":true,"href":"http:\/\/rurallascolonias.com.ar\/index.php?rest_route=%2Fwp%2Fv2%2Fcategories&post=6984"},{"taxonomy":"post_tag","embeddable":true,"href":"http:\/\/rurallascolonias.com.ar\/index.php?rest_route=%2Fwp%2Fv2%2Ftags&post=6984"}],"curies":[{"name":"wp","href":"https:\/\/api.w.org\/{rel}","templated":true}]}}