{"id":6929,"date":"2015-06-09T17:18:59","date_gmt":"2015-06-09T17:18:59","guid":{"rendered":"http:\/\/rurallascolonias.com.ar\/?p=6929"},"modified":"2015-06-09T17:18:59","modified_gmt":"2015-06-09T17:18:59","slug":"el-paro-se-sintio-en-liniers-con-el-ingreso-de-apenas-14-camiones-y-unas-400-cabezas","status":"publish","type":"post","link":"http:\/\/rurallascolonias.com.ar\/?p=6929","title":{"rendered":"El paro se sinti\u00f3 en Liniers con el ingreso de apenas 14 camiones y unas 400 cabezas"},"content":{"rendered":"<h2><a href=\"http:\/\/rurallascolonias.com.ar\/wp-content\/uploads\/2014\/02\/Mercado-de-Liniers.jpg\"><img loading=\"lazy\" class=\"aligncenter size-full wp-image-1297\" src=\"http:\/\/rurallascolonias.com.ar\/wp-content\/uploads\/2014\/02\/Mercado-de-Liniers.jpg\" alt=\"Mercado de Liniers\" width=\"208\" height=\"136\" \/><\/a>La medida de fuerza afecta a los servicios de transporte y el sector agropecuario no qued\u00f3 exento. Productores santafesinos tambi\u00e9n se sumaron al reclamo.<\/h2>\n<p><!--more--><\/p>\n<h2>El paro organizado por la CGT disidente que comanda Hugo Moyano y se lleva a cabo este martes, afect\u00f3 la actividad en el Mercado de Liniers, donde ingresaron solamente unas 400 cabezas, una cifra insignificante. Cabe recordar que el d\u00eda anterior (lunes) hab\u00edan ingresado unas 11.200 cabezas, cuando la realidad indica que en el comienzo de cada semana suele mermar y mucho el n\u00famero de cabezas.<\/h2>\n<div><\/div>\n<div>Por otra parte, trascendi\u00f3 que productores del sur santafesino tambi\u00e9n se sumaron a la medida de fuerza. En la autopista Rosario &#8211; Buenos Aires, a la altura de Villa Constituci\u00f3n har\u00e1n una asamblea. El ex presidente de Federaci\u00f3n Agraria Argentina, Eduardo Buzzi, confirm\u00f3 su asistencia a la protesta: \u00abtengo la intenci\u00f3n de acompa\u00f1ar a los compa\u00f1eros, en calidad de lo que soy, solo como productor agropecuario. Son peque\u00f1os chacareros de mi zona, que veo al igual que ellos, como cada d\u00eda alg\u00fan vecino abandona la actividad\u00bb.<\/div>\n<div><\/div>\n<div>El Sindicato de Trabajadores de la Industria de la Carne del Gran Buenos Aires (SICGBA) anunci\u00f3 su adhesi\u00f3n al paro general de actividades convocado por la CGT Disidente.\u00a0A trav\u00e9s de un comunicado, el gremio denunci\u00f3 \u00abla grave situaci\u00f3n que atraviesa la industria de la carne bovina y av\u00edcola, producto de la ineficaz pol\u00edtica del gobierno, ha provocado solamente la incertidumbre, m\u00edseros sueldos, inseguridad laboral y despidos\u00bb.<\/div>\n<p class=\"p1 margin-top\"><strong>Fuente: Nuestro Agro<\/strong><\/p>\n","protected":false},"excerpt":{"rendered":"<p>La medida de fuerza afecta a los servicios de transporte y el sector agropecuario no qued\u00f3 exento. Productores santafesinos tambi\u00e9n se sumaron al reclamo.<\/p>\n","protected":false},"author":5,"featured_media":0,"comment_status":"open","ping_status":"open","sticky":false,"template":"","format":"standard","meta":[],"categories":[42],"tags":[2092,1031],"_links":{"self":[{"href":"http:\/\/rurallascolonias.com.ar\/index.php?rest_route=\/wp\/v2\/posts\/6929"}],"collection":[{"href":"http:\/\/rurallascolonias.com.ar\/index.php?rest_route=\/wp\/v2\/posts"}],"about":[{"href":"http:\/\/rurallascolonias.com.ar\/index.php?rest_route=\/wp\/v2\/types\/post"}],"author":[{"embeddable":true,"href":"http:\/\/rurallascolonias.com.ar\/index.php?rest_route=\/wp\/v2\/users\/5"}],"replies":[{"embeddable":true,"href":"http:\/\/rurallascolonias.com.ar\/index.php?rest_route=%2Fwp%2Fv2%2Fcomments&post=6929"}],"version-history":[{"count":1,"href":"http:\/\/rurallascolonias.com.ar\/index.php?rest_route=\/wp\/v2\/posts\/6929\/revisions"}],"predecessor-version":[{"id":6930,"href":"http:\/\/rurallascolonias.com.ar\/index.php?rest_route=\/wp\/v2\/posts\/6929\/revisions\/6930"}],"wp:attachment":[{"href":"http:\/\/rurallascolonias.com.ar\/index.php?rest_route=%2Fwp%2Fv2%2Fmedia&parent=6929"}],"wp:term":[{"taxonomy":"category","embeddable":true,"href":"http:\/\/rurallascolonias.com.ar\/index.php?rest_route=%2Fwp%2Fv2%2Fcategories&post=6929"},{"taxonomy":"post_tag","embeddable":true,"href":"http:\/\/rurallascolonias.com.ar\/index.php?rest_route=%2Fwp%2Fv2%2Ftags&post=6929"}],"curies":[{"name":"wp","href":"https:\/\/api.w.org\/{rel}","templated":true}]}}