{"id":6923,"date":"2015-06-08T16:20:36","date_gmt":"2015-06-08T16:20:36","guid":{"rendered":"http:\/\/rurallascolonias.com.ar\/?p=6923"},"modified":"2015-06-08T17:16:11","modified_gmt":"2015-06-08T17:16:11","slug":"la-crisis-revive-a-la-mesa-de-enlace","status":"publish","type":"post","link":"http:\/\/rurallascolonias.com.ar\/?p=6923","title":{"rendered":"La crisis revive a la Mesa de Enlace"},"content":{"rendered":"<p><strong><a href=\"http:\/\/rurallascolonias.com.ar\/wp-content\/uploads\/2015\/06\/mesa-de-enlace-3.jpg\"><img loading=\"lazy\" class=\"aligncenter size-full wp-image-6924\" src=\"http:\/\/rurallascolonias.com.ar\/wp-content\/uploads\/2015\/06\/mesa-de-enlace-3.jpg\" alt=\"mesa de enlace 3\" width=\"308\" height=\"164\" srcset=\"http:\/\/rurallascolonias.com.ar\/wp-content\/uploads\/2015\/06\/mesa-de-enlace-3.jpg 308w, http:\/\/rurallascolonias.com.ar\/wp-content\/uploads\/2015\/06\/mesa-de-enlace-3-300x160.jpg 300w\" sizes=\"(max-width: 308px) 100vw, 308px\" \/><\/a>NUEVO INTENTO<\/strong><\/p>\n<p>En el encuentro del pasado d\u00eda jueves en Coninagro, dirigentes de la agrupaci\u00f3n hablaron sobre realizar asambleas en las distintas econom\u00edas regionales ante el agravamiento de sus problemas.<!--more--><\/p>\n<p>Tras el cimbronazo interno que caus\u00f3 el acercamiento de Federaci\u00f3n Agraria Argentina (FAA) al Gobierno y el posterior rechazo de esta entidad a sumarse en marzo a un paro convocado por sus pares, la Mesa de Enlace buscar\u00e1 mostrarse unida ante los productores con la organizaci\u00f3n de nuevas asambleas en el interior.<\/p>\n<p>El jueves pasado, en Coninagro, entidad que present\u00f3 un documento con propuestas para el sector mirando al pr\u00f3ximo gobierno, los dirigentes rurales que asistieron mantuvieron una charla privada donde coincidieron en que la situaci\u00f3n del campo se agrav\u00f3 en los \u00faltimos meses, con decenas de econom\u00edas regionales paralizadas, ya sea por cierres de mercados, como en Brasil para las peras y manzanas, p\u00e9rdida de competitividad por el atraso cambiario y el peso de la presi\u00f3n impositiva.<\/p>\n<p>En este contexto, los ruralistas empezaron a hablar de retomar las asambleas con productores en distintas zonas. Lo convers\u00f3 el presidente de la entidad anfitriona, Egidio Mailland, con su par de la Sociedad Rural Argentina (SRA), Luis Miguel Etchevehere; el vicepresidente segundo de FAA, Jorge Solmi, y referentes de Confederaciones Rurales Argentinas (CRA). De viaje, Rub\u00e9n Ferrero (CRA) y Omar Pr\u00edncipe (FAA) no asistieron. \u00abVamos a tratar de salir al interior y hacer una gira para acompa\u00f1ar a los productores. Lo vamos hacer lo antes posible\u00bb, explic\u00f3 Mailland a LA NACION.<\/p>\n<p>En la charla, los dirigentes quedaron en concretar una reuni\u00f3n de la Mesa de Enlace para intentar avanzar en una agenda de presentaciones en el interior.<\/p>\n<p>\u00abNos prometimos juntarnos la otra semana y charlar sobre esto. Ya se est\u00e1n gestando asambleas en Salta, Entre R\u00edos, y nosotros estamos pensando en poner fecha a alguna asamblea en la zona triguera, como podr\u00eda ser Tres Arroyos (Buenos Aires). La idea es que est\u00e9n las cuatro entidades\u00bb, indic\u00f3 Mailland.<\/p>\n<p>\u00bfPuede salir alguna medida de fuerza de esas asambleas con los productores?, le pregunt\u00f3 LA NACION. El dirigente de la entidad respondi\u00f3: \u00abNo s\u00e9 si una medida de fuerza les traer\u00eda soluciones, pero vamos a escuchar a la gente para ver qu\u00e9 quieren hacer\u00bb.<\/p>\n<p>Los datos oficiales sobre las exportaciones de los productos de econom\u00edas regionales dan cuenta de ese fen\u00f3meno que impacta en la Patagonia, Cuyo, el NOA, el NEA y el Litoral. En el primer cuatrimestre de 2015, las exportaciones de pera cayeron un 23% (200.454 toneladas), las de manzana 47% (39.505 toneladas), las de mandarina 55% (7366 toneladas), las de lim\u00f3n 36% (5258 toneladas), las de ajo 9% (39.672 toneladas), las de tabaco 40% (7679 toneladas), las de arroz 56% (89.679 toneladas) y las de cebolla retrocedieron un 22% (47.838 toneladas). Son cifras que surgen del Servicio Nacional de Sanidad y Calidad Agroalimentaria (Senasa).<\/p>\n<p>ACHICAR DIFERENCIAS<br \/>\nLuego de los cruces internos, en la Mesa de Enlace est\u00e1n buscando dejar las diferencias atr\u00e1s. Adem\u00e1s del acercamiento de FAA al Gobierno, el otro conflicto que surgi\u00f3 en el \u00faltimo tiempo fue por el Instituto de Promoci\u00f3n de la Carne Vacuna (Ipcva), cuya presidencia se alternan las entidades. All\u00ed, luego de dos meses de desacuerdos sobre la elecci\u00f3n del nuevo titular, cargo que deb\u00eda recaer en FAA, las entidades resolvieron que haya un mandato interino hasta octubre pr\u00f3ximo en la persona de Gonzalo \u00c1lvarez Maldonado, referente de Coninagro que ten\u00eda mandado vencido en el Ipcva.<\/p>\n<p>Mientras los dirigentes de la Mesa de Enlace evaluar\u00e1n la acci\u00f3n conjunta de las asambleas, en los \u00faltimos d\u00edas FAA resolvi\u00f3 organizar reuniones con productores. Pasado ma\u00f1ana participar\u00e1 de un encuentro en Mendoza.<\/p>\n<p>La semana pasada, FAA particip\u00f3 de movilizaciones de productores frut\u00edcolas en R\u00edo Negro y Neuqu\u00e9n. All\u00ed se calcula que la crisis de la fruticultura costar\u00e1 este a\u00f1o $ 1000 millones. El Gobierno prometi\u00f3 $ 300 millones. Sin embargo, seg\u00fan alertaron dirigentes de esa entidad, a\u00fan falta que lleguen sobre ese monto comprometido 190 millones de pesos.<\/p>\n<p>Fuente: La Naci\u00f3n &#8211;<\/p>\n","protected":false},"excerpt":{"rendered":"<p>NUEVO INTENTO En el encuentro del pasado d\u00eda jueves en Coninagro, dirigentes de la agrupaci\u00f3n hablaron sobre realizar asambleas en las distintas econom\u00edas regionales ante el agravamiento de sus problemas.<\/p>\n","protected":false},"author":5,"featured_media":0,"comment_status":"open","ping_status":"open","sticky":false,"template":"","format":"standard","meta":[],"categories":[42],"tags":[900,34],"_links":{"self":[{"href":"http:\/\/rurallascolonias.com.ar\/index.php?rest_route=\/wp\/v2\/posts\/6923"}],"collection":[{"href":"http:\/\/rurallascolonias.com.ar\/index.php?rest_route=\/wp\/v2\/posts"}],"about":[{"href":"http:\/\/rurallascolonias.com.ar\/index.php?rest_route=\/wp\/v2\/types\/post"}],"author":[{"embeddable":true,"href":"http:\/\/rurallascolonias.com.ar\/index.php?rest_route=\/wp\/v2\/users\/5"}],"replies":[{"embeddable":true,"href":"http:\/\/rurallascolonias.com.ar\/index.php?rest_route=%2Fwp%2Fv2%2Fcomments&post=6923"}],"version-history":[{"count":1,"href":"http:\/\/rurallascolonias.com.ar\/index.php?rest_route=\/wp\/v2\/posts\/6923\/revisions"}],"predecessor-version":[{"id":6925,"href":"http:\/\/rurallascolonias.com.ar\/index.php?rest_route=\/wp\/v2\/posts\/6923\/revisions\/6925"}],"wp:attachment":[{"href":"http:\/\/rurallascolonias.com.ar\/index.php?rest_route=%2Fwp%2Fv2%2Fmedia&parent=6923"}],"wp:term":[{"taxonomy":"category","embeddable":true,"href":"http:\/\/rurallascolonias.com.ar\/index.php?rest_route=%2Fwp%2Fv2%2Fcategories&post=6923"},{"taxonomy":"post_tag","embeddable":true,"href":"http:\/\/rurallascolonias.com.ar\/index.php?rest_route=%2Fwp%2Fv2%2Ftags&post=6923"}],"curies":[{"name":"wp","href":"https:\/\/api.w.org\/{rel}","templated":true}]}}