{"id":6888,"date":"2015-06-04T13:43:44","date_gmt":"2015-06-04T13:43:44","guid":{"rendered":"http:\/\/rurallascolonias.com.ar\/?p=6888"},"modified":"2015-06-04T13:43:44","modified_gmt":"2015-06-04T13:43:44","slug":"bajo-el-precio-mundial-de-la-leche-y-suma-presion-a-la-crisis-local-de-los-tamberos","status":"publish","type":"post","link":"http:\/\/rurallascolonias.com.ar\/?p=6888","title":{"rendered":"Baj\u00f3 el precio mundial de la leche y suma presi\u00f3n a la crisis local de los tamberos"},"content":{"rendered":"<p><a href=\"http:\/\/rurallascolonias.com.ar\/wp-content\/uploads\/2014\/09\/precio-de-la-leche.png\"><img loading=\"lazy\" class=\"aligncenter size-full wp-image-4111\" src=\"http:\/\/rurallascolonias.com.ar\/wp-content\/uploads\/2014\/09\/precio-de-la-leche.png\" alt=\"precio de la leche\" width=\"224\" height=\"225\" srcset=\"http:\/\/rurallascolonias.com.ar\/wp-content\/uploads\/2014\/09\/precio-de-la-leche.png 224w, http:\/\/rurallascolonias.com.ar\/wp-content\/uploads\/2014\/09\/precio-de-la-leche-150x150.png 150w\" sizes=\"(max-width: 224px) 100vw, 224px\" \/><\/a>Los valores volvieron a caer en la licitaci\u00f3n del referente Fonterra y los productores esperan un recorte de los precios que les pagan las industrias. Dicen que necesitan 30% m\u00e1s.<!--more--><\/p>\n<p>Los productores tamberos no encuentran soluci\u00f3n a una crisis que conjuga la baja internacional del precio de los l\u00e1cteos y la imposibilidad de que aumenten en el mercado interno de la mano de una baja del consumo, seg\u00fan public\u00f3 <a href=\"http:\/\/www.cronista.com\/negocios\/Bajo-el-precio-mundial-de-la-leche-y-suma-presion-a-la-crisis-local-de-los-tamberos-20150604-0028.html\">El Cronista<\/a>.<\/p>\n<p>En su \u00faltima licitaci\u00f3n, la l\u00e1ctea Fonterra, referente global de precios, confirm\u00f3 una baja de 3% al valor de la leche en polvo, cuando los productores ya esperaban que las industrias les informen bajas en los precios de liquidaci\u00f3n en los pr\u00f3ximos meses. En paralelo, los productores insisten en que necesitan cobrar 30% m\u00e1s por su materia prima para seguir en el negocio.<\/p>\n<p>A la crisis se suma que, seg\u00fan inform\u00f3 Confederaciones Rurales Argentinas (CRA) cambi\u00f3 el sistema de comercializaci\u00f3n de la llamada leche cruda, \u00abcon un corrimiento en los plazos de pago de leche ya entregada implementado por algunas industrias l\u00e1cteas\u00bb. La entidad rural no dud\u00f3 en culpar a \u00abla ineficiencia de las pol\u00edticas lecheras aplicadas por este gobierno\u00bb.<\/p>\n<p>Por su parte, las industrias est\u00e1n mal. Las dos l\u00edderes del mercado, Mastellone y SanCor, vienen mostrando n\u00fameros rojos dif\u00edciles de revertir. En el caso de la due\u00f1a de La Seren\u00edsima, las p\u00e9rdidas del primer trimestre del a\u00f1o, que alcanzaron los $ 250 millones, fueron explicadas por los \u00ablos precios internacionales de la leche en polvo\u00bb que, seg\u00fan dijo, cayeron cerca de 50% respecto de 2014, adem\u00e1s de un \u00abatraso en la recuperaci\u00f3n de los mayores costos registrados en el ejercicio 2014\u00bb, porque \u00ablos niveles de consumo de la econom\u00eda no han tenido una recuperaci\u00f3n adecuada\u00bb, con un efecto sobre los precios.<\/p>\n<p>Seg\u00fan informaci\u00f3n del mercado, Mastellone est\u00e1 cerca de aplicar una baja de m\u00e1s de 10 centavos por litro de leche, sobre un promedio de entre $ 3,10 y $ 3,20 cobrado actualmente por los productores. Pese a sus intentos, El Cronista no logr\u00f3 confirmar esta informaci\u00f3n con al compa\u00f1\u00eda.<\/p>\n<p>SanCor, por su parte, tambi\u00e9n est\u00e1 en problemas. Con p\u00e9rdidas que alcanzaron los $ 367,3 millones en nueve meses, la firma, donde persiste un \u00e1nimo cooperativista anunci\u00f3 que sostendr\u00e1 el precio a los tamberos. As\u00ed lo inform\u00f3 su presidente, Gustavo Ferrero. Sin embargo, es dif\u00edcil precisar a qu\u00e9 costo mantendr\u00e1 ese nivel. El empresario se encarg\u00f3 de destacar que, \u00absi bien la Argentina se mantiene en los 11.000 millones de litros anuales (de producci\u00f3n), sabemos que de los 8.000 millones que se consumen en el mercado interno y el saldo exportable sale el precio al productor\u00bb, y agreg\u00f3 que \u00ablos commodities siempre copiaron la curva del precio del petr\u00f3leo\u00bb. Pero en medio del malhumor de los tamberos, un menor precio puede desatar un nuevo conflicto.<\/p>\n<p>Fuente: Infocampo<\/p>\n<p>&nbsp;<\/p>\n","protected":false},"excerpt":{"rendered":"<p>Los valores volvieron a caer en la licitaci\u00f3n del referente Fonterra y los productores esperan un recorte de los precios que les pagan las industrias. Dicen que necesitan 30% m\u00e1s.<\/p>\n","protected":false},"author":5,"featured_media":0,"comment_status":"open","ping_status":"open","sticky":false,"template":"","format":"standard","meta":[],"categories":[46],"tags":[660,2083],"_links":{"self":[{"href":"http:\/\/rurallascolonias.com.ar\/index.php?rest_route=\/wp\/v2\/posts\/6888"}],"collection":[{"href":"http:\/\/rurallascolonias.com.ar\/index.php?rest_route=\/wp\/v2\/posts"}],"about":[{"href":"http:\/\/rurallascolonias.com.ar\/index.php?rest_route=\/wp\/v2\/types\/post"}],"author":[{"embeddable":true,"href":"http:\/\/rurallascolonias.com.ar\/index.php?rest_route=\/wp\/v2\/users\/5"}],"replies":[{"embeddable":true,"href":"http:\/\/rurallascolonias.com.ar\/index.php?rest_route=%2Fwp%2Fv2%2Fcomments&post=6888"}],"version-history":[{"count":1,"href":"http:\/\/rurallascolonias.com.ar\/index.php?rest_route=\/wp\/v2\/posts\/6888\/revisions"}],"predecessor-version":[{"id":6889,"href":"http:\/\/rurallascolonias.com.ar\/index.php?rest_route=\/wp\/v2\/posts\/6888\/revisions\/6889"}],"wp:attachment":[{"href":"http:\/\/rurallascolonias.com.ar\/index.php?rest_route=%2Fwp%2Fv2%2Fmedia&parent=6888"}],"wp:term":[{"taxonomy":"category","embeddable":true,"href":"http:\/\/rurallascolonias.com.ar\/index.php?rest_route=%2Fwp%2Fv2%2Fcategories&post=6888"},{"taxonomy":"post_tag","embeddable":true,"href":"http:\/\/rurallascolonias.com.ar\/index.php?rest_route=%2Fwp%2Fv2%2Ftags&post=6888"}],"curies":[{"name":"wp","href":"https:\/\/api.w.org\/{rel}","templated":true}]}}