{"id":6883,"date":"2015-06-03T16:27:49","date_gmt":"2015-06-03T16:27:49","guid":{"rendered":"http:\/\/rurallascolonias.com.ar\/?p=6883"},"modified":"2015-06-03T16:27:49","modified_gmt":"2015-06-03T16:27:49","slug":"pese-a-las-quejas-del-campo-el-banco-central-anuncia-produccion-record","status":"publish","type":"post","link":"http:\/\/rurallascolonias.com.ar\/?p=6883","title":{"rendered":"Pese a las quejas del campo, el Banco Central anuncia producci\u00f3n r\u00e9cord"},"content":{"rendered":"<p><strong><em><a href=\"http:\/\/rurallascolonias.com.ar\/wp-content\/uploads\/2015\/06\/Banco-Central.jpg\"><img loading=\"lazy\" class=\"aligncenter size-full wp-image-6884\" src=\"http:\/\/rurallascolonias.com.ar\/wp-content\/uploads\/2015\/06\/Banco-Central.jpg\" alt=\"Banco Central\" width=\"300\" height=\"168\" \/><\/a>La entidad realiz\u00f3 un informe en el que detalla un crecimiento en la actividad agropecuaria, pero refiri\u00e9ndose al 2014 con respecto a 2013<\/em><\/strong><!--more--><\/p>\n<p>El Banco Central inform\u00f3 que la actividad agropecuaria creci\u00f3 4,9% en 2014 contra 2013 y que en el primer trimestre de 2015 la agricultura se expandi\u00f3 \u00abvinculada a las tareas de la campa\u00f1a 2014\/15\u00bb. Se trata de datos que van de la mano de una mayor producci\u00f3n, que totaliz\u00f3 unas 111 millones de toneladas en granos en la campa\u00f1a 2013\/14 y crecer\u00e1 con unas las 117 millones de toneladas el ciclo agr\u00edcola que termina a mediados de 2015.<\/p>\n<p>Seg\u00fan la entidad financiera, la cosecha de trigo finaliz\u00f3 en 13,9 millones de toneladas, con un crecimiento de 51,1% debido a una expansi\u00f3n de la superficie sembrada, mientras la cosecha de soja, por su parte, ver\u00e1 un nuevo r\u00e9cord, con 59 millones de toneladas producidas. El ma\u00edz, por su parte, da las malas noticias: con menor \u00e1rea sembrada, la cosecha cae 9,1% , a 30 millones de toneladas.<\/p>\n<p>Sin embargo, persisten las quejas de los productores sobre la menor rentabilidad que les dej\u00f3 el ciclo que culmina y las tambi\u00e9n m\u00e1s pobres perspectivas para la campa\u00f1a que comienza. De hecho, se proyecta que la siembra de trigo podr\u00eda recortarse 15% a nivel nacional, mientras que, seg\u00fan la Bolsa de Comercio de Cereales, el trigo tendr\u00e1 muy poca tecnolog\u00eda aplicada, por los altos costos y la incertidumbre en un a\u00f1o electoral.<\/p>\n<p>Respecto de la cuesti\u00f3n ganadera, el trabajo del BCRA opta por referir los n\u00fameros del primer trimestre de 2015, sin los resultados de 2014, cuando, seg\u00fan la C\u00e1mara de la Industria Ciccra, la faena cay\u00f3 3,7% y la producci\u00f3n total de carne descendi\u00f3 4,6 por ciento. En cambio, en coincidencia con las tendencias que marcan los privados, el BCRA marc\u00f3 que para el primer trimestre del a\u00f1o se increment\u00f3 la cantidad de cabezas faenadas (1,5% frente a igual per\u00edodo de 2014); creci\u00f3 la producci\u00f3n de carne (4,4% interanual), a la vez que se estabiliz\u00f3 la participaci\u00f3n de las hembras en la faena. Adicionalmente, el consumo de carne vacuna en el mercado interno tambi\u00e9n mostr\u00f3 un aumento (2,6% interanual), al igual que el consumo por habitante, que alcanz\u00f3 los 60,9 kilos per c\u00e1pita por a\u00f1o. La exportaci\u00f3n creci\u00f3 35,2% interanual seg\u00fan la entidad, aunque el nivel se encuentra en valores hist\u00f3ricamente bajos.<\/p>\n<p>El informe del BCRA destac\u00f3 tambi\u00e9n que la faena de aves aument\u00f3 7% interanual entre enero y marzo, tras elevarse 3,6% en los tres meses previos. El consumo interno fue un factor de expansi\u00f3n, con un alza en torno a 14,1% interanual, al promediar los 42 kilos por habitante por a\u00f1o, mientras se profundiz\u00f3 en el primer trimestre la ca\u00edda exportadora de carne av\u00edcola en un 35,9%, mientras tambi\u00e9n baj\u00f3 la producci\u00f3n de leche un 2,8 por ciento.<\/p>\n<p>En el plano exportador, las mejores cosechas amortiguaron el impacto sobre la balanza comercial. Mientras que las ventas externas en conjunto cayeron 8,1% en 2014 contra el a\u00f1o previo, los embarques de productos primarios crecieron 20%. Las exportaciones de combustibles y energ\u00eda siguieron en baja, hubo un fuerte rev\u00e9s para las ventas de Manufacturas de Origen Industrial (-15,9%) y una merma de las Manufacturas de Origen Agropecuario.<\/p>\n<p>Fuente: Edicionrural.com<\/p>\n","protected":false},"excerpt":{"rendered":"<p>La entidad realiz\u00f3 un informe en el que detalla un crecimiento en la actividad agropecuaria, pero refiri\u00e9ndose al 2014 con respecto a 2013<\/p>\n","protected":false},"author":5,"featured_media":0,"comment_status":"open","ping_status":"open","sticky":false,"template":"","format":"standard","meta":[],"categories":[42],"tags":[2082,2081,972],"_links":{"self":[{"href":"http:\/\/rurallascolonias.com.ar\/index.php?rest_route=\/wp\/v2\/posts\/6883"}],"collection":[{"href":"http:\/\/rurallascolonias.com.ar\/index.php?rest_route=\/wp\/v2\/posts"}],"about":[{"href":"http:\/\/rurallascolonias.com.ar\/index.php?rest_route=\/wp\/v2\/types\/post"}],"author":[{"embeddable":true,"href":"http:\/\/rurallascolonias.com.ar\/index.php?rest_route=\/wp\/v2\/users\/5"}],"replies":[{"embeddable":true,"href":"http:\/\/rurallascolonias.com.ar\/index.php?rest_route=%2Fwp%2Fv2%2Fcomments&post=6883"}],"version-history":[{"count":1,"href":"http:\/\/rurallascolonias.com.ar\/index.php?rest_route=\/wp\/v2\/posts\/6883\/revisions"}],"predecessor-version":[{"id":6885,"href":"http:\/\/rurallascolonias.com.ar\/index.php?rest_route=\/wp\/v2\/posts\/6883\/revisions\/6885"}],"wp:attachment":[{"href":"http:\/\/rurallascolonias.com.ar\/index.php?rest_route=%2Fwp%2Fv2%2Fmedia&parent=6883"}],"wp:term":[{"taxonomy":"category","embeddable":true,"href":"http:\/\/rurallascolonias.com.ar\/index.php?rest_route=%2Fwp%2Fv2%2Fcategories&post=6883"},{"taxonomy":"post_tag","embeddable":true,"href":"http:\/\/rurallascolonias.com.ar\/index.php?rest_route=%2Fwp%2Fv2%2Ftags&post=6883"}],"curies":[{"name":"wp","href":"https:\/\/api.w.org\/{rel}","templated":true}]}}