{"id":6841,"date":"2015-06-01T16:53:31","date_gmt":"2015-06-01T16:53:31","guid":{"rendered":"http:\/\/rurallascolonias.com.ar\/?p=6841"},"modified":"2015-06-01T16:53:31","modified_gmt":"2015-06-01T16:53:31","slug":"basta-de-agredir-al-campo","status":"publish","type":"post","link":"http:\/\/rurallascolonias.com.ar\/?p=6841","title":{"rendered":"Basta de agredir al campo"},"content":{"rendered":"<p><em><strong><a href=\"http:\/\/rurallascolonias.com.ar\/wp-content\/uploads\/2015\/06\/silo.jpg\"><img loading=\"lazy\" class=\"aligncenter wp-image-6842 size-medium\" src=\"http:\/\/rurallascolonias.com.ar\/wp-content\/uploads\/2015\/06\/silo-300x170.jpg\" alt=\"silo\" width=\"300\" height=\"170\" srcset=\"http:\/\/rurallascolonias.com.ar\/wp-content\/uploads\/2015\/06\/silo-300x170.jpg 300w, http:\/\/rurallascolonias.com.ar\/wp-content\/uploads\/2015\/06\/silo-600x340.jpg 600w, http:\/\/rurallascolonias.com.ar\/wp-content\/uploads\/2015\/06\/silo.jpg 615w\" sizes=\"(max-width: 300px) 100vw, 300px\" \/><\/a>Confederaciones Rurales Argentinas (CRA) manifiesta su solidaridad para con los productores afectados<\/strong><\/em><!--more--><\/p>\n<p>Estas agresiones y hechos de violencia que se vienen repitiendo a lo largo de estos \u00faltimos meses contra la propiedad privada y en distintas regiones productivas del pa\u00eds exigen una r\u00e1pida actuaci\u00f3n judicial que determine finalmente quienes fueron los actores y cuales sus intenciones.<\/p>\n<p>Como ya lo hemos manifestado en otras oportunidades estos hechos de neto corte mafioso y premeditado por la forma organizada en que se llevaron a cabo se enmarcan dentro de un clima social enrarecido, donde el campo, los productores agropecuarios y la producci\u00f3n primaria son atacados tambi\u00e9n discursivamente.<\/p>\n<p>El gobierno nacional debe brindar de cara a la sociedad una postura clara, que condene este tipo de hechos reiterados, y exija su esclarecimiento. La Argentina necesita de una democracia tolerante, donde no haya lugar para la violencia. Estos ataques al campo atentan contra la visi\u00f3n de una Argentina desarrollada que nos incluya a todos.<\/p>\n<p>CRA<\/p>\n","protected":false},"excerpt":{"rendered":"<p>Confederaciones Rurales Argentinas (CRA) manifiesta su solidaridad para con los productores afectados<\/p>\n","protected":false},"author":5,"featured_media":0,"comment_status":"open","ping_status":"open","sticky":false,"template":"","format":"standard","meta":[],"categories":[42],"tags":[2075,95,2074],"_links":{"self":[{"href":"http:\/\/rurallascolonias.com.ar\/index.php?rest_route=\/wp\/v2\/posts\/6841"}],"collection":[{"href":"http:\/\/rurallascolonias.com.ar\/index.php?rest_route=\/wp\/v2\/posts"}],"about":[{"href":"http:\/\/rurallascolonias.com.ar\/index.php?rest_route=\/wp\/v2\/types\/post"}],"author":[{"embeddable":true,"href":"http:\/\/rurallascolonias.com.ar\/index.php?rest_route=\/wp\/v2\/users\/5"}],"replies":[{"embeddable":true,"href":"http:\/\/rurallascolonias.com.ar\/index.php?rest_route=%2Fwp%2Fv2%2Fcomments&post=6841"}],"version-history":[{"count":1,"href":"http:\/\/rurallascolonias.com.ar\/index.php?rest_route=\/wp\/v2\/posts\/6841\/revisions"}],"predecessor-version":[{"id":6843,"href":"http:\/\/rurallascolonias.com.ar\/index.php?rest_route=\/wp\/v2\/posts\/6841\/revisions\/6843"}],"wp:attachment":[{"href":"http:\/\/rurallascolonias.com.ar\/index.php?rest_route=%2Fwp%2Fv2%2Fmedia&parent=6841"}],"wp:term":[{"taxonomy":"category","embeddable":true,"href":"http:\/\/rurallascolonias.com.ar\/index.php?rest_route=%2Fwp%2Fv2%2Fcategories&post=6841"},{"taxonomy":"post_tag","embeddable":true,"href":"http:\/\/rurallascolonias.com.ar\/index.php?rest_route=%2Fwp%2Fv2%2Ftags&post=6841"}],"curies":[{"name":"wp","href":"https:\/\/api.w.org\/{rel}","templated":true}]}}