{"id":680,"date":"2013-12-28T11:07:16","date_gmt":"2013-12-28T11:07:16","guid":{"rendered":"http:\/\/rurallascolonias.com.ar\/?p=680"},"modified":"2013-12-28T11:07:16","modified_gmt":"2013-12-28T11:07:16","slug":"desafios-para-casamiquela","status":"publish","type":"post","link":"http:\/\/rurallascolonias.com.ar\/?p=680","title":{"rendered":"DESAF\u00cdOS PARA CASAMIQUELA"},"content":{"rendered":"<h3><a href=\"http:\/\/rurallascolonias.com.ar\/wp-content\/uploads\/2013\/12\/CASAMIQUELA-2.jpg\"><img loading=\"lazy\" class=\"alignleft size-full wp-image-681\" alt=\"CASAMIQUELA 2\" src=\"http:\/\/rurallascolonias.com.ar\/wp-content\/uploads\/2013\/12\/CASAMIQUELA-2.jpg\" width=\"267\" height=\"189\" \/><\/a>Dos hechos temporalmente coincidentes podr\u00edan abrir cauces para incluir cambios en la pol\u00edtica agraria nacional&#8230;<!--more--><\/h3>\n<p>Por un lado, la designaci\u00f3n del nuevo ministro de Agricultura, Carlos Casamiquela, un t\u00e9cnico con propensi\u00f3n al di\u00e1logo, y, por otro, la renuncia del secretario de Comercio Interior, Guillermo Moreno, devenido zar de la econom\u00eda con tent\u00e1culos en varias ramas, entre ellas, la pol\u00edtica rural.<\/p>\n<p>Casamiquela es un profesional reconocido, quien a poco de recibir su t\u00edtulo profesional, en 1973, ingres\u00f3 en el Instituto Nacional de Tecnolog\u00eda Agropecuaria (INTA) para revistar luego en la Estaci\u00f3n Experimental del Alto Valle del R\u00edo Negro y ser vicepresidente del importante Servicio Nacional de Sanidad y Calidad Agroalimentaria (Senasa). De all\u00ed accedi\u00f3 a la presidencia del INTA y, ahora, al ministerio.<\/p>\n<p>Una entrevista de LA NACION permiti\u00f3 conocer sus prop\u00f3sitos y, tambi\u00e9n, las limitaciones que le impone el kirchnerismo. Por caso, se destaca su intenci\u00f3n de aumentar la siembra de trigo, pero s\u00f3lo indic\u00f3 que ser\u00edan varias las resoluciones por adoptar. Ello hace presumir que la necesaria eliminaci\u00f3n de las retenciones no ser\u00eda un instrumento central.<\/p>\n<p>Las resoluciones de su cartera -seg\u00fan aclar\u00f3- tomar\u00edan en cuenta los an\u00e1lisis por cadenas de valor, un instrumento positivo que comenzar\u00e1 por el trigo, la carne y el ma\u00edz. Respecto de los Registros de Operaciones de Exportaci\u00f3n (ROE), verdaderos permisos de exportaci\u00f3n, se respetar\u00edan los ya asignados, en tanto que se revisar\u00e1 el sistema, aunque reconoci\u00f3 que su manejo seguir\u00eda siendo administrado por la secretar\u00eda de Comercio Interior, lo cual implica lisa y llanamente que no habr\u00e1 libre comercio. Con respecto a la Mesa de Enlace, puso otra vez en evidencia la absurda limitaci\u00f3n pol\u00edtica que se le impone desde el centro del poder.<\/p>\n<p>Respecto de las carnes vacunas, su deseo de volver a la relaci\u00f3n 80\/20 -consumir el 80% de la producci\u00f3n y dejar 20% para la exportaci\u00f3n- es una dupla dif\u00edcil de conciliar sin un contexto de libre comercio. Mencion\u00f3 tambi\u00e9n el ministro su inter\u00e9s por el Plan Estrat\u00e9gico Agroalimentario (PEA), con importantes metas de producci\u00f3n para 2020, aunque sin precisar los instrumentos destinados a obtenerlos. Se advierte as\u00ed que su designaci\u00f3n no implica, por ahora, un cambio sustancial de las decisiones indispensables para aumentar la producci\u00f3n agroindustrial.<\/p>\n<p>Por su larga actuaci\u00f3n en diversas \u00e1reas del INTA, el ministro contar\u00e1 con acceso fluido a informaciones variadas. El \u00e9xito de su gesti\u00f3n depender\u00e1 no s\u00f3lo de sus convicciones, sino de su energ\u00eda para desmantelar los complejos mecanismos creados por el kirchnerismo, cuyos resultados han sido funestos.<\/p>\n<p>Las exportaciones de base agraria, cuyo crecimiento resulta indispensable, representan el 60% del total nacional, pero la creciente producci\u00f3n agraria nacional ha reducido su ritmo de crecimiento, cercano hoy a la par\u00e1lisis. Resulta indispensable el retorno a ese crecimiento, cuya viabilidad est\u00e1 demostrada por el crecimiento rural de las naciones americanas y otras del mundo (Uruguay, Paraguay, Brasil, Chile y Per\u00fa, Australia y Nueva Zelanda). \u00c9sa es la tarea que se espera de \u00e9l en el contexto de una administraci\u00f3n nacional que, hasta ahora, ha sido deficiente, dispendiosa y contraria al inter\u00e9s general.<\/p>\n<p>Fuente: La Naci\u00f3n<\/p>\n","protected":false},"excerpt":{"rendered":"<p>Dos hechos temporalmente coincidentes podr\u00edan abrir cauces para incluir cambios en la pol\u00edtica agraria nacional&#8230;<\/p>\n","protected":false},"author":5,"featured_media":0,"comment_status":"closed","ping_status":"closed","sticky":false,"template":"","format":"standard","meta":[],"categories":[18,14],"tags":[22,230,277],"_links":{"self":[{"href":"http:\/\/rurallascolonias.com.ar\/index.php?rest_route=\/wp\/v2\/posts\/680"}],"collection":[{"href":"http:\/\/rurallascolonias.com.ar\/index.php?rest_route=\/wp\/v2\/posts"}],"about":[{"href":"http:\/\/rurallascolonias.com.ar\/index.php?rest_route=\/wp\/v2\/types\/post"}],"author":[{"embeddable":true,"href":"http:\/\/rurallascolonias.com.ar\/index.php?rest_route=\/wp\/v2\/users\/5"}],"replies":[{"embeddable":true,"href":"http:\/\/rurallascolonias.com.ar\/index.php?rest_route=%2Fwp%2Fv2%2Fcomments&post=680"}],"version-history":[{"count":1,"href":"http:\/\/rurallascolonias.com.ar\/index.php?rest_route=\/wp\/v2\/posts\/680\/revisions"}],"predecessor-version":[{"id":682,"href":"http:\/\/rurallascolonias.com.ar\/index.php?rest_route=\/wp\/v2\/posts\/680\/revisions\/682"}],"wp:attachment":[{"href":"http:\/\/rurallascolonias.com.ar\/index.php?rest_route=%2Fwp%2Fv2%2Fmedia&parent=680"}],"wp:term":[{"taxonomy":"category","embeddable":true,"href":"http:\/\/rurallascolonias.com.ar\/index.php?rest_route=%2Fwp%2Fv2%2Fcategories&post=680"},{"taxonomy":"post_tag","embeddable":true,"href":"http:\/\/rurallascolonias.com.ar\/index.php?rest_route=%2Fwp%2Fv2%2Ftags&post=680"}],"curies":[{"name":"wp","href":"https:\/\/api.w.org\/{rel}","templated":true}]}}