{"id":6727,"date":"2015-05-18T16:56:28","date_gmt":"2015-05-18T16:56:28","guid":{"rendered":"http:\/\/rurallascolonias.com.ar\/?p=6727"},"modified":"2015-05-18T17:10:53","modified_gmt":"2015-05-18T17:10:53","slug":"preocupa-la-poca-venta-de-insumos-para-el-campo","status":"publish","type":"post","link":"http:\/\/rurallascolonias.com.ar\/?p=6727","title":{"rendered":"Preocupa la poca venta de insumos para el campo"},"content":{"rendered":"<p><strong><a href=\"http:\/\/rurallascolonias.com.ar\/wp-content\/uploads\/2015\/05\/insumos-para-campo.jpg\"><img loading=\"lazy\" class=\"aligncenter size-full wp-image-6728\" src=\"http:\/\/rurallascolonias.com.ar\/wp-content\/uploads\/2015\/05\/insumos-para-campo.jpg\" alt=\"insumos para campo\" width=\"275\" height=\"183\" \/><\/a>Los distribuidores estiman que hubo una baja de 30% en el primer trimestre<\/strong><\/p>\n<p>Los distribuidores de insumos para el campo, due\u00f1os de las tradicionales agronom\u00edas para el sector, est\u00e1n preocupados: seg\u00fan estimaciones propias, en el primer trimestre de 2015 tuvieron una ca\u00edda en las ventas en torno del 30%.<br \/>\nLa contracci\u00f3n obedeci\u00f3 a la p\u00e9rdida de rentabilidad de los productores a causa de la baja de los precios de los granos, la presi\u00f3n impositiva y la intervenci\u00f3n en los mercados de trigo y ma\u00edz, que traba la comercializaci\u00f3n de estos productos. Adem\u00e1s, en la tendencia influy\u00f3 la situaci\u00f3n clim\u00e1tica en la campa\u00f1a, que hizo que unos productos tuvieran menos salida que otros por el ataque de plagas y enfermedades que se registr\u00f3.<!--more--><\/p>\n<p>El freno contrasta con la situaci\u00f3n productiva, que en el caso de la soja muestra una cosecha r\u00e9cord y con s\u00faper rindes en muchas regiones.<\/p>\n<p>El dato sobre la merma en las ventas fue confirmado en diversas c\u00e1maras de distribuidores del interior del pa\u00eds. \u00abEn el primer trimestre, la ca\u00edda de las ventas, en d\u00f3lares, fue no menor al 30%\u00bb, expres\u00f3 Mart\u00edn Nocelli, integrante de la C\u00e1mara Empresaria de Distribuidores de Agroqu\u00edmicos, Semillas y Afines de C\u00f3rdoba (Cedasac).<\/p>\n<p>Para el empresario, el primer trimestre del a\u00f1o fue \u00abcatastr\u00f3fico\u00bb. Lo adjudic\u00f3 a la p\u00e9rdida de rentabilidad de los productores. \u00abLos n\u00fameros no les cierran\u00bb, afirm\u00f3 Nocelli. \u00abNo es un problema de precios. El problema est\u00e1 en las retenciones y en la intervenci\u00f3n en los mercados, que influyen en las ventas\u00bb, agreg\u00f3.<\/p>\n<p>Las ventas de precampa\u00f1a, que suelen realizarse en esta \u00e9poca con mejores condiciones comerciales, tampoco levantan vuelo. \u00abNo se hacen compras por anticipado\u00bb, puntualiz\u00f3 el empresario. Cada vez m\u00e1s las decisiones de compra el productor las toma en la medida de lo que necesita para su campo.<\/p>\n<p>En la Federaci\u00f3n de Distribuidores de Insumos Agropecuarios (Fedia), que nuclea a las diversas c\u00e1maras de agronom\u00eda, advirtieron que el incremento de los costos mell\u00f3 la comercializaci\u00f3n de los productos. \u00abTodos vimos lo mismo: hubo una ca\u00edda importante con respecto al a\u00f1o pasado\u00bb, precis\u00f3 Marcelo Senatore, presidente.<\/p>\n<p>Senatore indic\u00f3 que ahora los productores est\u00e1n abocados a la cosecha de soja y ma\u00edz y que el atraso en la recolecci\u00f3n tambi\u00e9n impacta sobre nuevas ventas.<\/p>\n<p>En el sector descuentan que finalizada la cosecha habr\u00e1 una dura negociaci\u00f3n por los alquileres de la pr\u00f3xima campa\u00f1a entre due\u00f1os de campos e inquilinos. Algunos asesores advierten que deber\u00edan ajustarse al menos 30% para que la siembra en campos alquilados pueda ser rentable con los actuales precios de los granos, cuyo valor cay\u00f3 en un porcentaje similar.<\/p>\n<p>Hace diez d\u00edas, empresarios de 14 firmas de la C\u00e1mara Empresaria de Distribuidores de Agroqu\u00edmicos, Semillas y Afines Bonaerense (Cedasaba), mantuvieron una reuni\u00f3n de su comisi\u00f3n directiva. En ese encuentro, el diagn\u00f3stico fue duro. \u00abLa falta de ventas es total. Por ejemplo, en la triguera del oeste est\u00e1n planchadas\u00bb, cont\u00f3 Santiago Ballesty, administrador de la entidad, que tiene 100 empresas socias.<\/p>\n<p>El panorama para las empresas del rubro tiene un condimento extra: varias de ellas tienen clientes que a\u00fan no terminaron de pagar insumos del a\u00f1o pasado y tuvieron que refinanciarlos. \u00abEste a\u00f1o se va a tener que refinanciar mucho porque no cierran los n\u00fameros\u00bb, sostuvo Ballesty.<\/p>\n<p>La paradoja es que esto ocurra pese a los buenos resultados en la producci\u00f3n.<\/p>\n<p>Fuente: La Naci\u00f3n<\/p>\n","protected":false},"excerpt":{"rendered":"<p>Los distribuidores estiman que hubo una baja de 30% en el primer trimestre Los distribuidores de insumos para el campo, due\u00f1os de las tradicionales agronom\u00edas para el sector, est\u00e1n preocupados: seg\u00fan estimaciones propias, en el primer trimestre de 2015 tuvieron una ca\u00edda en las ventas en torno del 30%. La contracci\u00f3n obedeci\u00f3 a la p\u00e9rdida [&hellip;]<\/p>\n","protected":false},"author":5,"featured_media":0,"comment_status":"open","ping_status":"open","sticky":false,"template":"","format":"standard","meta":[],"categories":[14],"tags":[95,375,2045],"_links":{"self":[{"href":"http:\/\/rurallascolonias.com.ar\/index.php?rest_route=\/wp\/v2\/posts\/6727"}],"collection":[{"href":"http:\/\/rurallascolonias.com.ar\/index.php?rest_route=\/wp\/v2\/posts"}],"about":[{"href":"http:\/\/rurallascolonias.com.ar\/index.php?rest_route=\/wp\/v2\/types\/post"}],"author":[{"embeddable":true,"href":"http:\/\/rurallascolonias.com.ar\/index.php?rest_route=\/wp\/v2\/users\/5"}],"replies":[{"embeddable":true,"href":"http:\/\/rurallascolonias.com.ar\/index.php?rest_route=%2Fwp%2Fv2%2Fcomments&post=6727"}],"version-history":[{"count":2,"href":"http:\/\/rurallascolonias.com.ar\/index.php?rest_route=\/wp\/v2\/posts\/6727\/revisions"}],"predecessor-version":[{"id":6738,"href":"http:\/\/rurallascolonias.com.ar\/index.php?rest_route=\/wp\/v2\/posts\/6727\/revisions\/6738"}],"wp:attachment":[{"href":"http:\/\/rurallascolonias.com.ar\/index.php?rest_route=%2Fwp%2Fv2%2Fmedia&parent=6727"}],"wp:term":[{"taxonomy":"category","embeddable":true,"href":"http:\/\/rurallascolonias.com.ar\/index.php?rest_route=%2Fwp%2Fv2%2Fcategories&post=6727"},{"taxonomy":"post_tag","embeddable":true,"href":"http:\/\/rurallascolonias.com.ar\/index.php?rest_route=%2Fwp%2Fv2%2Ftags&post=6727"}],"curies":[{"name":"wp","href":"https:\/\/api.w.org\/{rel}","templated":true}]}}