{"id":6710,"date":"2015-05-15T16:24:48","date_gmt":"2015-05-15T16:24:48","guid":{"rendered":"http:\/\/rurallascolonias.com.ar\/?p=6710"},"modified":"2015-05-15T16:46:35","modified_gmt":"2015-05-15T16:46:35","slug":"ferrero-es-factible-gobernar-sin-retenciones","status":"publish","type":"post","link":"http:\/\/rurallascolonias.com.ar\/?p=6710","title":{"rendered":"Ferrero: \u201cEs factible gobernar sin retenciones\u201d"},"content":{"rendered":"<p><strong><em><a href=\"http:\/\/rurallascolonias.com.ar\/wp-content\/uploads\/2014\/09\/FERRERO.png\"><img loading=\"lazy\" class=\"alignleft size-full wp-image-3993\" src=\"http:\/\/rurallascolonias.com.ar\/wp-content\/uploads\/2014\/09\/FERRERO.png\" alt=\"FERRERO\" width=\"337\" height=\"149\" srcset=\"http:\/\/rurallascolonias.com.ar\/wp-content\/uploads\/2014\/09\/FERRERO.png 337w, http:\/\/rurallascolonias.com.ar\/wp-content\/uploads\/2014\/09\/FERRERO-300x132.png 300w\" sizes=\"(max-width: 337px) 100vw, 337px\" \/><\/a>El titular de CRA asegur\u00f3 que el impuesto es \u00abun mito del relato del kirchnerismo\u00bb.<\/em><\/strong><!--more--><\/p>\n<p>Previo al congreso que Confederaciones Rurales Argentinas (CRA) realizar\u00e1 hoy y ma\u00f1ana en Santa Fe, el presidente de la entidad, Rub\u00e9n Ferrero, afirm\u00f3 a AIM Digital que hay que trabajar para terminar con la brecha entre ricos y pobres, inst\u00f3 a\u00a0 recomponer las instituciones y opin\u00f3 que si gravara el juego o la renta financiera, \u201cse podr\u00eda trabajar en un programa de eliminaci\u00f3n de retenciones de soja. Es un mito el relato del kirchnerismo que dice que nadie puede gobernar sin retenciones\u201d.<\/p>\n<p>En ese sentido, Ferrero record\u00f3 que en la crisis de 2001, \u201cel campo fue el primero que sali\u00f3 a ofrecer un porcentaje de retenciones para salir de la dif\u00edcil situaci\u00f3n que atravesaba nuestro pa\u00eds. Estamos convencidos que ni Argentina ni los argentinos se merecen el nivel de pobreza que existe en gran parte de la sociedad; no se merece que haya familias que pierdan a sus hijos por desnutrici\u00f3n. Hay que trabajar en serio en materia de pobreza, de educaci\u00f3n y de vivienda, y no solo en el relato\u201d.<\/p>\n<p>Ferrero cuestion\u00f3 al gobierno, que asegura que en materia de construcci\u00f3n de viviendas se avanz\u00f3 mucho. \u201cHay recorrer los cordones de las grandes ciudades para constatar c\u00f3mo crecieron las villas en los \u00faltimos a\u00f1os. Es un debate que nos merecemos y que no solo abordaremos en el Congreso de CRA, sino que lo venimos trabajando con otras entidades y con las\u00a0 C\u00e1maras que integran el Polo de Convergencia, buscando generar pol\u00edticas de Estado pensando a futuro, que contemplen la erradicaci\u00f3n de la pobreza en serio; con educaci\u00f3n de calidad que crezca y que forme argentinos preparados para el trabajo, el crecimiento y el desarrollo\u201d.<\/p>\n<p>Consultado si cree que es posible una Argentina para todos, inclusiva, con democracia, con desarrollo y futuro en com\u00fan, opin\u00f3 que \u201cno existir\u00e1 una Argentina que no contenga estos conceptos. Por eso, tenemos que trabajar pensando en un pa\u00eds que nos incluya a todos, y en una rep\u00fablica que tenga independencia de poderes. Lamentablemente, se destruy\u00f3 much\u00edsimo en los \u00faltimos a\u00f1os y la reconstrucci\u00f3n es una tarea que tenemos que afrontar desde diciembre pr\u00f3ximo. Estoy convencido que con el esfuerzo de todos podremos primero, terminar con esta divisi\u00f3n a la que nos llev\u00f3 el kirchnerismo, y segundo, comenzar a transitar un\u00a0 camino de crecimiento con desarrollo\u201d.<\/p>\n<p>El ruralista admiti\u00f3 que en los primeros a\u00f1os del gobierno kirchnerista, \u201ces real que hubo crecimiento. M\u00e1s all\u00e1 que nos comparamos con el peor de los momentos de Argentina, hubo crecimiento pero sin desarrollo. Solo hay que recorrer el interior del pa\u00eds para comprobar que no se hizo nada en materia de infraestructura, ni para la producci\u00f3n ni para la sociedad\u201d.<\/p>\n<p>Justicia e investigaci\u00f3n al poder<\/p>\n<p>Sobre el embate a la justicia que realiza la gesti\u00f3n\u00a0 de Cristina Fern\u00e1ndez de Kirchner, Ferrero cuestion\u00f3 duramente la situaci\u00f3n y repas\u00f3 las estrategias que utiliz\u00f3 el gobierno para denostar a este poder. Por eso, dijo, el Congreso de CRA \u201cpondr\u00e1 el centro de discusi\u00f3n en la justicia Argentina y el futuro de cara a 2016,\u00a0 de la mano de las charlas que brindar\u00e1n el representante de los abogados del interior del pa\u00eds en el Consejo de la Magistratura, Miguel Piedecasas, y el ex fiscal federal Pablo Lanusse\u201d.<\/p>\n<p>Tambi\u00e9n confirm\u00f3 que sobre la actualidad pol\u00edtica, los principales casos de corrupci\u00f3n y la pregunta sobre si es posible investigar en la Argentina, hablar\u00e1n los periodistas Hugo Alconada Mon, y Mat\u00edas Longoni.<\/p>\n<p>De cara a 2016<\/p>\n<p>De cara al futuro, Ferrero afirm\u00f3 que en materia productiva \u201csi se dan determinadas pautas tendremos posibilidades de generar mucho m\u00e1s. En la actualidad, nuestro pa\u00eds produce alimentos para 400 millones de personas y estamos en condiciones de generar a corto plazo alimentos para 600 millones. En materia social, hay que trabajar para terminar con la brecha\u00a0 entre ricos y pobres, generando pol\u00edticas para eliminar la pobreza, y en lo institucional, es necesario recomponer las instituciones. Es posible y hay que trabajar en pos de ello\u201d.<\/p>\n<p>Escuchar a los candidatos<br \/>\nTambi\u00e9n adelant\u00f3 que el plato fuerte del Congreso ser\u00e1 la mesa compartida por los principales precandidatos a presidentes de la Naci\u00f3n. Sobre este punto, el ruralista aclar\u00f3\u00a0 esta Agencia que ya se reunieron con Sergio Massa (Frente Renovador); Mauricio Macri (PRO); Ernesto Sanz (UCR), y Margarita Stolbizer (GEN), pero aclar\u00f3 que no lo hicieron con Daniel Scioli porque \u201crepite en cada entrevista que seguir\u00e1 con el modelo actual. Los dem\u00e1s precandidatos entienden que hay que terminar con esta situaci\u00f3n, producir m\u00e1s y recuperar mercados internacionales, porque eso\u00a0 generar\u00e1 mayor ingreso de divisas y trabajo genuino, que es lo que Argentina necesita hoy\u201d.<\/p>\n<p>Es posible<\/p>\n<p>Ferrero opin\u00f3 que \u201ces posible cambiar la situaci\u00f3n que atraviesa Argentina y para ello s\u00f3lo se necesita decisi\u00f3n pol\u00edtica. De otra manera no se entender\u00eda c\u00f3mo funcionan pa\u00edses como Uruguay, Brasil, Paraguay, Chile, Francia. El impuesto\u00a0 a la exportaci\u00f3n no es lo que ocurre en todo el mundo, sino que pasa en Argentina y en otros pocos pa\u00edses. Nosotros sostenemos que gravando algunas actividades que hoy no tributan, como el juego, o cierta parte de la renta financiera, se suplir\u00eda el impuesto a la exportaci\u00f3n de las econom\u00edas regionales, e incluso, se podr\u00eda trabajar en un programa de eliminaci\u00f3n de retenciones de soja a futuro, lo que permitir\u00eda el crecimiento. El relato del kirchnerismo que dice que nadie puede gobernar sin retenciones, es un mito, porque es factible gobernar sin ellas\u201d.<\/p>\n<p>Fuente: Infocampo<\/p>\n","protected":false},"excerpt":{"rendered":"<p>El titular de CRA asegur\u00f3 que el impuesto es \u00abun mito del relato del kirchnerismo\u00bb.<\/p>\n","protected":false},"author":5,"featured_media":0,"comment_status":"open","ping_status":"open","sticky":false,"template":"","format":"standard","meta":[],"categories":[42],"tags":[561,77,373],"_links":{"self":[{"href":"http:\/\/rurallascolonias.com.ar\/index.php?rest_route=\/wp\/v2\/posts\/6710"}],"collection":[{"href":"http:\/\/rurallascolonias.com.ar\/index.php?rest_route=\/wp\/v2\/posts"}],"about":[{"href":"http:\/\/rurallascolonias.com.ar\/index.php?rest_route=\/wp\/v2\/types\/post"}],"author":[{"embeddable":true,"href":"http:\/\/rurallascolonias.com.ar\/index.php?rest_route=\/wp\/v2\/users\/5"}],"replies":[{"embeddable":true,"href":"http:\/\/rurallascolonias.com.ar\/index.php?rest_route=%2Fwp%2Fv2%2Fcomments&post=6710"}],"version-history":[{"count":1,"href":"http:\/\/rurallascolonias.com.ar\/index.php?rest_route=\/wp\/v2\/posts\/6710\/revisions"}],"predecessor-version":[{"id":6711,"href":"http:\/\/rurallascolonias.com.ar\/index.php?rest_route=\/wp\/v2\/posts\/6710\/revisions\/6711"}],"wp:attachment":[{"href":"http:\/\/rurallascolonias.com.ar\/index.php?rest_route=%2Fwp%2Fv2%2Fmedia&parent=6710"}],"wp:term":[{"taxonomy":"category","embeddable":true,"href":"http:\/\/rurallascolonias.com.ar\/index.php?rest_route=%2Fwp%2Fv2%2Fcategories&post=6710"},{"taxonomy":"post_tag","embeddable":true,"href":"http:\/\/rurallascolonias.com.ar\/index.php?rest_route=%2Fwp%2Fv2%2Ftags&post=6710"}],"curies":[{"name":"wp","href":"https:\/\/api.w.org\/{rel}","templated":true}]}}