{"id":6683,"date":"2015-05-13T13:25:11","date_gmt":"2015-05-13T13:25:11","guid":{"rendered":"http:\/\/rurallascolonias.com.ar\/?p=6683"},"modified":"2015-05-13T13:25:11","modified_gmt":"2015-05-13T13:25:11","slug":"tiempos-de-cambio","status":"publish","type":"post","link":"http:\/\/rurallascolonias.com.ar\/?p=6683","title":{"rendered":"Tiempos de Cambio"},"content":{"rendered":"<p><strong><em><a href=\"http:\/\/rurallascolonias.com.ar\/wp-content\/uploads\/2014\/09\/FERRERO.jpg\"><img loading=\"lazy\" class=\"alignleft size-full wp-image-3906\" src=\"http:\/\/rurallascolonias.com.ar\/wp-content\/uploads\/2014\/09\/FERRERO.jpg\" alt=\"FERRERO\" width=\"300\" height=\"168\" \/><\/a>Editorial de las Bases del mes de mayo por el presidente de CRA; Rub\u00e9n Ferrero.<\/em><\/strong><\/p>\n<p>Con el tiempo todo se descubre, a\u00fan las\u00a0mentiras m\u00e1s ocultas. Hace a\u00f1os que un\u00a0gobierno nos menosprecia transmiti\u00e9ndonos\u00a0un relato falso y desinform\u00e1ndonos\u00a0sistem\u00e1ticamente.\u00a0<!--more--><\/p>\n<p>Hemos visto y o\u00eddo mentir a mucha gente,\u00a0y por los m\u00e1s diversos m\u00f3viles: ignorancia,\u00a0conveniencia, connivencia, cobard\u00eda. La\u00a0mentira es poco saludable para una sociedad\u00a0que quiere fortalecer su democracia y\u00a0reafirmar sus valores republicanos.<\/p>\n<p>Tambi\u00e9n es cierto que mientras muchos\u00a0aplaud\u00edan obsecuentes, otros alertamos sobre\u00a0las falsedades del relato. Pero como dijo\u00a0Mahatma Gandhi, \u201caunque la verdad est\u00e9\u00a0en minor\u00eda, sigue siendo la verdad\u201d y hoy la\u00a0realidad les arranca la venda de los ojos incluso\u00a0a los m\u00e1s devotos seguidores de aqu\u00e9l\u00a0relato.<\/p>\n<p>Recientemente el Departamento de Agricultura\u00a0de los Estados Unidos dio a conocer\u00a0su proyecci\u00f3n para el mercado de carnes vacunas,\u00a0que involucra a los primeros diez pa\u00edses\u00a0exportadores, entre los cuales no figura\u00a0Argentina. Est\u00e1n entre esos diez nuestros\u00a0vecinos Uruguay,\u00a0Brasil y Paraguay. La\u00a0realidad: nos quedamos\u00a0afuera cuando\u00a0en otra \u00e9poca fuimos\u00a0l\u00edderes mundiales.<\/p>\n<p>La \u00faltima d\u00e9cada\u00a0destruy\u00f3 la industria\u00a0c\u00e1rnica exportadora\u00a0y hoy los frigor\u00edficos\u00a0atraviesan la peor crisis de su historia.<\/p>\n<p>En los dos \u00faltimos a\u00f1os, la exportaci\u00f3n de\u00a0trigo fue la m\u00e1s baja en 15 a\u00f1os. En 2015\u00a0las exportaciones de peras disminuyeron\u00a030% y las de manzanas, 56% respecto al\u00a0primer trimestre de 2014. En ese mismo\u00a0a\u00f1o se registraron fuertes ca\u00eddas en exportaciones\u00a0de aceite de oliva (-43,3%), dulces\u00a0y mermeladas (-19,5%), productos l\u00e1cteos\u00a0(-7,9%), jugos (-26%), conserva de frutas\u00a0(-60,6%), vino (-4,4%) y az\u00facar (-69%). La\u00a0realidad: econom\u00edas regionales destrozadas.<\/p>\n<p>La ca\u00edda de la actividad productiva implica\u00a0p\u00e9rdida de puestos de trabajo y aleja la\u00a0posibilidad de crecimiento. Un estado que\u00a0gasta cada vez m\u00e1s\u00a0y financia ese d\u00e9ficit\u00a0con emisi\u00f3n monetaria\u00a0ahuyenta a los\u00a0inversores. Para que\u00a0el flujo de capitales\u00a0vuelva y se reactive\u00a0la econom\u00eda habr\u00e1\u00a0que recuperar la\u00a0confianza con solvencia\u00a0fiscal, seguridad jur\u00eddica, respeto a la\u00a0propiedad privada y justicia independiente.<\/p>\n<p>En definitiva, necesitamos la plena vigencia\u00a0del estado de derecho en una Rep\u00fablica,\u00a0que con sus instituciones fortalecidas se encamine\u00a0al virtuosismo.<\/p>\n<p>Una encuesta reciente revela que el 79% de\u00a0los argentinos cree vivir en un pa\u00eds donde\u00a0no se respetan la Constituci\u00f3n ni las leyes,\u00a0pero un 43% dice \u2013y este dato es verdaderamente\u00a0preocupante- que no tendr\u00eda reparos\u00a0en violarlas. O sea, la honestidad y el respeto\u00a0a la ley no son valores fundamentales\u00a0hoy en Argentina, y si bien la corrupci\u00f3n\u00a0nos indigna no es raz\u00f3n suficiente para movilizarnos,\u00a0como tampoco lo es el desprecio\u00a0a las normas.<\/p>\n<p>De nada se aprende tanto como de los errores,\u00a0por eso ahora que el palacio de la mentira\u00a0ha comenzado a desmoronarse, es momento\u00a0de que la indignaci\u00f3n ceda el paso a\u00a0la acci\u00f3n. Desde nuestro rol de ciudadanos\u00a0exijamos que la transparencia, la educaci\u00f3n\u00a0de calidad, la justicia independiente y el pleno\u00a0acceso a la informaci\u00f3n confiable sean\u00a0prioritarias en la agenda p\u00fablica. Una agenda\u00a0com\u00fan que pueda sostenerse en el largo\u00a0plazo con el estricto respeto a la ley como\u00a0piedra fundante.<\/p>\n<p>El lema del Congreso CRA 2015 en Santa\u00a0Fe es <b>\u201cCompromiso, Cambio, Reconstrucci\u00f3n\u00a0y Futuro\u201d<\/b>. Una nueva edici\u00f3n que\u00a0nos permitir\u00e1 informarnos, intercambiar\u00a0opiniones, conocer las distintas propuestas\u00a0electorales y debatir sobre los temas que\u00a0nos preocupan como ciudadanos y como\u00a0productores. Con m\u00e1s <b>compromiso <\/b>busquemos\u00a0un<b> cambio\u00a0<\/b>y aunemos fuerza en la<b>\u00a0<\/b><b>reconstrucci\u00f3n<\/b> de la Rep\u00fablica en pos del\u00a0futuro que nos merecemos.<\/p>\n","protected":false},"excerpt":{"rendered":"<p>Editorial de las Bases del mes de mayo por el presidente de CRA; Rub\u00e9n Ferrero. Con el tiempo todo se descubre, a\u00fan las\u00a0mentiras m\u00e1s ocultas. Hace a\u00f1os que un\u00a0gobierno nos menosprecia transmiti\u00e9ndonos\u00a0un relato falso y desinform\u00e1ndonos\u00a0sistem\u00e1ticamente.\u00a0<\/p>\n","protected":false},"author":5,"featured_media":0,"comment_status":"open","ping_status":"open","sticky":false,"template":"","format":"standard","meta":[],"categories":[14],"tags":[373],"_links":{"self":[{"href":"http:\/\/rurallascolonias.com.ar\/index.php?rest_route=\/wp\/v2\/posts\/6683"}],"collection":[{"href":"http:\/\/rurallascolonias.com.ar\/index.php?rest_route=\/wp\/v2\/posts"}],"about":[{"href":"http:\/\/rurallascolonias.com.ar\/index.php?rest_route=\/wp\/v2\/types\/post"}],"author":[{"embeddable":true,"href":"http:\/\/rurallascolonias.com.ar\/index.php?rest_route=\/wp\/v2\/users\/5"}],"replies":[{"embeddable":true,"href":"http:\/\/rurallascolonias.com.ar\/index.php?rest_route=%2Fwp%2Fv2%2Fcomments&post=6683"}],"version-history":[{"count":1,"href":"http:\/\/rurallascolonias.com.ar\/index.php?rest_route=\/wp\/v2\/posts\/6683\/revisions"}],"predecessor-version":[{"id":6684,"href":"http:\/\/rurallascolonias.com.ar\/index.php?rest_route=\/wp\/v2\/posts\/6683\/revisions\/6684"}],"wp:attachment":[{"href":"http:\/\/rurallascolonias.com.ar\/index.php?rest_route=%2Fwp%2Fv2%2Fmedia&parent=6683"}],"wp:term":[{"taxonomy":"category","embeddable":true,"href":"http:\/\/rurallascolonias.com.ar\/index.php?rest_route=%2Fwp%2Fv2%2Fcategories&post=6683"},{"taxonomy":"post_tag","embeddable":true,"href":"http:\/\/rurallascolonias.com.ar\/index.php?rest_route=%2Fwp%2Fv2%2Ftags&post=6683"}],"curies":[{"name":"wp","href":"https:\/\/api.w.org\/{rel}","templated":true}]}}