{"id":660,"date":"2013-12-27T13:34:48","date_gmt":"2013-12-27T13:34:48","guid":{"rendered":"http:\/\/rurallascolonias.com.ar\/?p=660"},"modified":"2013-12-27T13:34:48","modified_gmt":"2013-12-27T13:34:48","slug":"manana-ultimo-programa-de-cra-de-2013","status":"publish","type":"post","link":"http:\/\/rurallascolonias.com.ar\/?p=660","title":{"rendered":"MA\u00d1ANA \u00daLTIMO PROGRAMA DE CRA DE 2013"},"content":{"rendered":"<p style=\"text-align: center;\"><a href=\"http:\/\/rurallascolonias.com.ar\/wp-content\/uploads\/2013\/12\/programa-CRA-2.jpg\"><img loading=\"lazy\" class=\"aligncenter  wp-image-662\" alt=\"programa CRA 2\" src=\"http:\/\/rurallascolonias.com.ar\/wp-content\/uploads\/2013\/12\/programa-CRA-2.jpg\" width=\"369\" height=\"209\" srcset=\"http:\/\/rurallascolonias.com.ar\/wp-content\/uploads\/2013\/12\/programa-CRA-2.jpg 615w, http:\/\/rurallascolonias.com.ar\/wp-content\/uploads\/2013\/12\/programa-CRA-2-300x169.jpg 300w, http:\/\/rurallascolonias.com.ar\/wp-content\/uploads\/2013\/12\/programa-CRA-2-600x339.jpg 600w\" sizes=\"(max-width: 369px) 100vw, 369px\" \/><\/a>A las 12:30 hs por Canal Rural hacemos un balance del a\u00f1o que se va y de lo que puede venir para el campo. Hablan dirigentes, t\u00e9cnicos y periodistas especializados.\u00a0<!--more--><\/p>\n<p align=\"justify\">Este s\u00e1bado 28 de diciembre presentamos un nuevo programa especial de fin de a\u00f1o donde miramos el a\u00f1o que se va,\u00a0pero revisando cuales son las perspectivas para el campo en el 2014.<\/p>\n<p><strong>Como todos los s\u00e1bados del 2013 ma\u00f1ana a las<\/strong>\u00a0<strong>12:30 hs. por\u00a0<a href=\"http:\/\/www.elrural.com\/\" target=\"_blank\">Canal Rural<\/a><\/strong>\u00a0vuelve El Sentir del Campo y la Ciudad, con una edici\u00f3n que refleja en media hora todo el acontecer productivo de la Argentina, de la mano de algunos de los principales protagonistas del campo.<\/p>\n<p>Con\u00a0<strong>producci\u00f3n period\u00edstica del \u00e1rea de\u00a0<a href=\"http:\/\/https\/\/www.facebook.com\/pages\/Confederaciones-Rurales-Argentinas-Prensa\/207107389326288?ref=hl\" target=\"_blank\">prensa y comunicaci\u00f3n<\/a>\u00a0de Confederaciones Rurales Argentinas<\/strong>,\u00a0<strong><a href=\"http:\/\/https\/\/www.facebook.com\/confederacionesruralesargentinasprensa?ref=hl\" target=\"_blank\">CRA El Sentir del Campo y la Ciudad<\/a><\/strong>, el programa tambi\u00e9n puede verse a trav\u00e9s de internet en su canal web en\u00a0<a href=\"http:\/\/www.youtube.com\/craprensa\">www.Youtube.com\/craprensa<\/a>.<\/p>\n<p align=\"justify\"><strong>Algunos de los temas principales:<\/p>\n<p>El presidente de CRA, Rub\u00e9n Ferrero, nos deja un balance pol\u00edtico y productivo del a\u00f1o que se va y nos da su visi\u00f3n sobre el 2014 que est\u00e1 a la vuelta de la esquina.<\/strong><\/p>\n<p align=\"justify\"><strong>Dirigentes y t\u00e9cnicos agropecuarios nos dejan su balance de fin de a\u00f1o. Tambi\u00e9n aprovechamos el contexto para que algunos de los principales periodistas especializados en agro nos dejen sus visiones acerca del 2013.<\/strong><\/p>\n<p align=\"justify\"><strong>Nuestro andar productivo por el pa\u00eds nos llev\u00f3 a Azul, al \u00faltimo Consejo directivo de CARBAP, la entidad agropecuaria adherida a CRA que representa a productores de las provincias de Buenos Aires y La Pampa.<\/p>\n<p>Adem\u00e1s visitamos en Chajar\u00ed, Entre R\u00edos, un destacado establecimiento agropecuario que se dedica a la producci\u00f3n de arroz\u00a0con base en Entre R\u00edos y Corrientes.<br \/>\n<\/strong><br \/>\nNOS ACOMPA\u00d1ASTE TODO EL A\u00d1O, NO PODES FALTAR EN ESTA \u00daLTIMA CITA DEL 2013.<\/p>\n<p align=\"justify\">CRA<\/p>\n<p>&nbsp;<\/p>\n","protected":false},"excerpt":{"rendered":"<p>A las 12:30 hs por Canal Rural hacemos un balance del a\u00f1o que se va y de lo que puede venir para el campo. Hablan dirigentes, t\u00e9cnicos y periodistas especializados.\u00a0<\/p>\n","protected":false},"author":5,"featured_media":0,"comment_status":"closed","ping_status":"closed","sticky":false,"template":"","format":"standard","meta":[],"categories":[42],"tags":[263,30,262],"_links":{"self":[{"href":"http:\/\/rurallascolonias.com.ar\/index.php?rest_route=\/wp\/v2\/posts\/660"}],"collection":[{"href":"http:\/\/rurallascolonias.com.ar\/index.php?rest_route=\/wp\/v2\/posts"}],"about":[{"href":"http:\/\/rurallascolonias.com.ar\/index.php?rest_route=\/wp\/v2\/types\/post"}],"author":[{"embeddable":true,"href":"http:\/\/rurallascolonias.com.ar\/index.php?rest_route=\/wp\/v2\/users\/5"}],"replies":[{"embeddable":true,"href":"http:\/\/rurallascolonias.com.ar\/index.php?rest_route=%2Fwp%2Fv2%2Fcomments&post=660"}],"version-history":[{"count":1,"href":"http:\/\/rurallascolonias.com.ar\/index.php?rest_route=\/wp\/v2\/posts\/660\/revisions"}],"predecessor-version":[{"id":663,"href":"http:\/\/rurallascolonias.com.ar\/index.php?rest_route=\/wp\/v2\/posts\/660\/revisions\/663"}],"wp:attachment":[{"href":"http:\/\/rurallascolonias.com.ar\/index.php?rest_route=%2Fwp%2Fv2%2Fmedia&parent=660"}],"wp:term":[{"taxonomy":"category","embeddable":true,"href":"http:\/\/rurallascolonias.com.ar\/index.php?rest_route=%2Fwp%2Fv2%2Fcategories&post=660"},{"taxonomy":"post_tag","embeddable":true,"href":"http:\/\/rurallascolonias.com.ar\/index.php?rest_route=%2Fwp%2Fv2%2Ftags&post=660"}],"curies":[{"name":"wp","href":"https:\/\/api.w.org\/{rel}","templated":true}]}}