{"id":6540,"date":"2015-04-30T15:34:37","date_gmt":"2015-04-30T15:34:37","guid":{"rendered":"http:\/\/rurallascolonias.com.ar\/?p=6540"},"modified":"2015-04-30T15:35:19","modified_gmt":"2015-04-30T15:35:19","slug":"unifican-en-4-provincias-los-calendarios-de-vacunacion","status":"publish","type":"post","link":"http:\/\/rurallascolonias.com.ar\/?p=6540","title":{"rendered":"Unifican en 4 provincias los calendarios de vacunaci\u00f3n"},"content":{"rendered":"<div class=\"description\"><a href=\"http:\/\/rurallascolonias.com.ar\/wp-content\/uploads\/2015\/04\/calendario-de-vacunaci\u00f3n.jpg\"><img loading=\"lazy\" class=\"aligncenter size-full wp-image-6541\" src=\"http:\/\/rurallascolonias.com.ar\/wp-content\/uploads\/2015\/04\/calendario-de-vacunaci\u00f3n.jpg\" alt=\"calendario de vacunaci\u00f3n\" width=\"299\" height=\"168\" \/><\/a>La medida alcanzar\u00eda a Buenos Aires, La Pampa, Santa Fe y C\u00f3rdoba, que suman el 70% del rodeo.<\/div>\n<p><!--more--><\/p>\n<p>&nbsp;<\/p>\n<div class=\"authorinfo\"><\/div>\n<div class=\"vsmcontent\">\n<p>\u00a0Las provincias de Buenos Aires, Santa Fe, C\u00f3rdoba y La Pampa, que re\u00fanen el 70% del rodeo nacional, podr\u00edan unficar sus calendarios de vacunaciones.<\/p>\n<p>As\u00ed lo anunci\u00f3 el ministro de Asuntos Agrarios bonaerense, Alejandro \u201cTopo\u201d Rodr\u00edguez, quien manifest\u00f3 que la medida \u201csimplifica el movimiento comercial y facilita el intercambio en t\u00e9rminos operativos. El impacto de esto ser\u00e1 altamente positivo\u201d.<\/p>\n<p>Concretamente, se propondr\u00e1 al Senasa realizar la vacunaci\u00f3n total del ganado en el oto\u00f1o y dejar la vacunaci\u00f3n de menores para la primavera. El principal beneficio se verificar\u00eda en el movimiento de terneros, ya que la vacunaci\u00f3n de los rodeos ser\u00e1 coincidente en toda la regi\u00f3n.<\/p>\n<p>As\u00ed, Buenos Aires, la principal provincia ganadera del pa\u00eds, cambiar\u00e1 su calendario actual de vacunaci\u00f3n, para unificarlo al que ya tienen Santa Fe, C\u00f3rdoba y La Pampa.<\/p>\n<p>La propuesta de unificaci\u00f3n surgi\u00f3 de un trabajo conjunto del que participaron tambi\u00e9n los entes de vacunaci\u00f3n contra la fiebre aftosa, el colegio de veterinarios bonaerense, universidades nacionales, el .INTA, el propio Senasa y la C\u00e1mara de Productos Veterinarios (Caprove), adem\u00e1s de entidades como <b>Carbap,<\/b> Coninagro, Federaci\u00f3n Agraria y la Sociedad Rural.<\/p>\n<p>Javier Mart\u00ednez del Valle, director ejecutivo de la Asociaci\u00f3n Argentina de Angus, que particip\u00f3 de la inciativa, se\u00f1al\u00f3: \u201cEstamos muy contentos con esto, ya que es fruto de varios meses de trabajo y del consenso de varias organizaciones del sector.<\/p>\n<p>Fuente: <a title=\"Clarin Rural\" href=\"http:\/\/www.clarinrural.com.ar\/\">Clarin Rural<\/a><\/p>\n<\/div>\n<p>&nbsp;<\/p>\n<p>&nbsp;<\/p>\n","protected":false},"excerpt":{"rendered":"<p>La medida alcanzar\u00eda a Buenos Aires, La Pampa, Santa Fe y C\u00f3rdoba, que suman el 70% del rodeo.<\/p>\n","protected":false},"author":5,"featured_media":0,"comment_status":"open","ping_status":"open","sticky":false,"template":"","format":"standard","meta":[],"categories":[1],"tags":[2009,1961],"_links":{"self":[{"href":"http:\/\/rurallascolonias.com.ar\/index.php?rest_route=\/wp\/v2\/posts\/6540"}],"collection":[{"href":"http:\/\/rurallascolonias.com.ar\/index.php?rest_route=\/wp\/v2\/posts"}],"about":[{"href":"http:\/\/rurallascolonias.com.ar\/index.php?rest_route=\/wp\/v2\/types\/post"}],"author":[{"embeddable":true,"href":"http:\/\/rurallascolonias.com.ar\/index.php?rest_route=\/wp\/v2\/users\/5"}],"replies":[{"embeddable":true,"href":"http:\/\/rurallascolonias.com.ar\/index.php?rest_route=%2Fwp%2Fv2%2Fcomments&post=6540"}],"version-history":[{"count":3,"href":"http:\/\/rurallascolonias.com.ar\/index.php?rest_route=\/wp\/v2\/posts\/6540\/revisions"}],"predecessor-version":[{"id":6544,"href":"http:\/\/rurallascolonias.com.ar\/index.php?rest_route=\/wp\/v2\/posts\/6540\/revisions\/6544"}],"wp:attachment":[{"href":"http:\/\/rurallascolonias.com.ar\/index.php?rest_route=%2Fwp%2Fv2%2Fmedia&parent=6540"}],"wp:term":[{"taxonomy":"category","embeddable":true,"href":"http:\/\/rurallascolonias.com.ar\/index.php?rest_route=%2Fwp%2Fv2%2Fcategories&post=6540"},{"taxonomy":"post_tag","embeddable":true,"href":"http:\/\/rurallascolonias.com.ar\/index.php?rest_route=%2Fwp%2Fv2%2Ftags&post=6540"}],"curies":[{"name":"wp","href":"https:\/\/api.w.org\/{rel}","templated":true}]}}