{"id":6505,"date":"2015-04-28T12:55:28","date_gmt":"2015-04-28T12:55:28","guid":{"rendered":"http:\/\/rurallascolonias.com.ar\/?p=6505"},"modified":"2015-04-28T13:07:59","modified_gmt":"2015-04-28T13:07:59","slug":"vuelven-las-lluvias-para-esta-semana","status":"publish","type":"post","link":"http:\/\/rurallascolonias.com.ar\/?p=6505","title":{"rendered":"Vuelven las lluvias para esta semana"},"content":{"rendered":"<p><a href=\"http:\/\/rurallascolonias.com.ar\/wp-content\/uploads\/2013\/11\/lluvias-2.jpg\"><img loading=\"lazy\" class=\"aligncenter size-full wp-image-232\" src=\"http:\/\/rurallascolonias.com.ar\/wp-content\/uploads\/2013\/11\/lluvias-2.jpg\" alt=\"lluvias 2\" width=\"337\" height=\"149\" srcset=\"http:\/\/rurallascolonias.com.ar\/wp-content\/uploads\/2013\/11\/lluvias-2.jpg 337w, http:\/\/rurallascolonias.com.ar\/wp-content\/uploads\/2013\/11\/lluvias-2-300x132.jpg 300w\" sizes=\"(max-width: 337px) 100vw, 337px\" \/><\/a>\u00abLas principales precipitaciones se suceden hacia el final de la semana, la llegada de un sistema frontal fr\u00edo provocar\u00e1 lluvias y tormentas de variada intensidad a nivel generalizado\u00bb, inform\u00f3 la CCA.<!--more--><\/p>\n<p>Seg\u00fan la Consultora Clim\u00e1tica Agr\u00edcola Granar: \u00ablas lluvias que se esperan a lo largo de esta semana, afianzar\u00e1n la recuperaci\u00f3n de las reservas en el sur de la regi\u00f3n pampeana, al tiempo que pueden volver a generar excesos en el este sudeste de C\u00f3rdoba y quiz\u00e1 las vecindades de Santa Fe. No es que esta zona potencialmente vaya a recibir lluvias de importancia, sin embargo sus suelos tienen los perfiles con alta carga de humedad y esto facilita la reaparici\u00f3n de excesos. Para todo el resto de la regi\u00f3n pampeana, cualquier recarga es bienvenida en este momento, aun cuando esto implique una pausa en la cosecha\u00bb.<br \/>\n\u00abSi bien la semana comenzar\u00e1 con condiciones de tiempo estable, se prev\u00e9 que la nubosidad comience a aumentar de manera significativa, pudiendo desarrollarse algunas precipitaciones aisladas sobre la regi\u00f3n central del pa\u00eds. Mientras que hacia el final de la semana, la llegada de un sistema frontal fr\u00edo provocar\u00e1 lluvias y tormentas de variada intensidad a nivel generalizado\u00bb, aclar\u00f3 la consultora.<\/p>\n<p>Para martes, se prev\u00e9 que la fuerte circulaci\u00f3n del viento del sector norte aporte un importante contenido de humedad en las capas bajas sobre la regi\u00f3n central del pa\u00eds. Estas condiciones generar\u00e1n de manera aislada, algunas lluvias y tormentas sobre el sur del \u00e1rea pampeana, especialmente en el sudoeste de Buenos Aires y sudeste de La Pampa. Se prev\u00e9 que las mismas sean en general d\u00e9biles y s\u00f3lo de manera puntual se podr\u00edan observar algunas moderadas. Por otro lado, se espera que sobre la regi\u00f3n norte del pa\u00eds, especialmente en la zona del NOA y oeste del NEA, donde continuar\u00e1n las lluvias y tormentas de moderada a fuerte intensidad. En el resto de la regi\u00f3n central y parte del NEA, se prev\u00e9 que las condiciones se mantendr\u00e1n estables, aunque la nubosidad ser\u00e1 importante en todo ese sector del pa\u00eds.<\/p>\n<p>En tanto que el mi\u00e9rcoles, seguir\u00e1 la fuerte circulaci\u00f3n del sector norte, aportando un gran contenido de humedad en las capas bajas de la atm\u00f3sfera, lo que favorecer\u00e1 el incremento de la inestabilidad sobre toda la zona central del pa\u00eds. Por tal motivo, las precipitaciones del sur del \u00e1rea pampeana, se ir\u00e1n potenciando y generalizando sobre toda la provincia de Buenos Aires, con el desarrollo de algunas tormentas fuertes. Por otro lado, se espera que sobre el norte argentino, sigan desarroll\u00e1ndose algunas tormentas aisladas, aunque las mismas ser\u00e1n de intensidad m\u00e1s leve y aislada. En tanto, sobre la regi\u00f3n del NEA, se prev\u00e9 que se mantengan las condiciones de tiempo estable, aunque la humedad y la nubosidad ser\u00e1n muy importantes en todo el sector.<\/p>\n<p>Seg\u00fan la CCA, \u00abel jueves, las condiciones no cambiar\u00e1n de manera significativa, ya que la inestabilidad seguir\u00e1 presente en toda la franja sur del \u00e1rea pampeana, aunque los fen\u00f3menos previstos ser\u00e1n mucho m\u00e1s d\u00e9biles y aislados. En tanto, sobre el norte del pa\u00eds, tambi\u00e9n podr\u00edan registrarse algunas lluvias en forma aislada, aunque las mismas ir\u00e1n perdiendo fuerza a medida que transcurra la jornada. Mientras tanto, en toda la regi\u00f3n central del pa\u00eds se espera que se mantenga la nubosidad muy abundante pero la ausencia de precipitaciones en la zona. El viento seguir\u00e1 soplando del sector norte con importante intensidad, lo qua mantendr\u00e1 el aumento de la inestabilidad sobre el sector\u00bb.<\/p>\n<p>Ya el viernes, comenzar\u00e1 a avanzar un sistema frontal fr\u00edo por el sur de la regi\u00f3n pampeana que facilitar\u00e1 el desarrollo de lluvias y tormentas de variada intensidad en la mayor parte de la regi\u00f3n pampeana, si bien los fen\u00f3menos m\u00e1s importantes se localizar\u00e1n sobre la provincia de Buenos Aires, se espera que pr\u00e1cticamente toda la zona pampeana, en mayor o menor medida reciban precipitaciones. Tambi\u00e9n se espera que las mismas afecten a las provincias de la zona cuyana, aunque all\u00ed los eventos ser\u00e1n m\u00e1s aislados. Se prev\u00e9 que con el transcurso del d\u00eda, las lluvias y tormentas alcancen el sector norte del \u00e1rea pampeana, afectando C\u00f3rdoba, Santa Fe y algunos puntos de la provincia de Entre R\u00edos. Por otra parte, se espera que sobre la franja norte del pa\u00eds, las condiciones se mantengan algo m\u00e1s estables, y durante esta jornada no se registren precipitaciones significativas.<\/p>\n<p>Y hacia el fin de semana \u00abel sistema frontal ir\u00e1 barriendo toda la zona central del pa\u00eds, provocando lluvias y tormentas de variada intensidad en toda la zona pampeana y norte argentino, tanto NEA como NOA. Los fen\u00f3menos se mantendr\u00e1n a lo largo de toda la jornada, especialmente en la zona central del pa\u00eds. Mientras que sobre el sur del \u00e1rea pampeana, comenzar\u00e1 a ingresar una masa de aire fr\u00edo y seco, que traer\u00e1 condiciones de tiempo estable y un fuerte descenso de la temperatura. El viento rotar\u00e1 al sector sur, promoviendo a\u00fan m\u00e1s el desplazamiento del aire fr\u00edo por la regi\u00f3n central del pa\u00eds. El domingo, las condiciones se estabilizar\u00e1n sobre toda la regi\u00f3n central del pa\u00eds, con la entrada de aire fr\u00edo y seco que avanzar\u00e1 de sur a norte, posterior al pasaje del sistema frontal. La temperatura bajar\u00e1 notablemente en todo el sector central del pa\u00eds, mientras que sobre el sector norte del territorio nacional se prev\u00e9 que las lluvias y tormentas se mantengan de moderada a fuerte intensidad, especialmente sobre la zona del NEA, donde se esperan los eventos m\u00e1s importantes\u00bb, concluy\u00f3 el informe clim\u00e1tico semanal.<\/p>\n<p>Fuente: Infocampo<\/p>\n","protected":false},"excerpt":{"rendered":"<p>\u00abLas principales precipitaciones se suceden hacia el final de la semana, la llegada de un sistema frontal fr\u00edo provocar\u00e1 lluvias y tormentas de variada intensidad a nivel generalizado\u00bb, inform\u00f3 la CCA.<\/p>\n","protected":false},"author":5,"featured_media":0,"comment_status":"open","ping_status":"open","sticky":false,"template":"","format":"standard","meta":[],"categories":[40],"tags":[19],"_links":{"self":[{"href":"http:\/\/rurallascolonias.com.ar\/index.php?rest_route=\/wp\/v2\/posts\/6505"}],"collection":[{"href":"http:\/\/rurallascolonias.com.ar\/index.php?rest_route=\/wp\/v2\/posts"}],"about":[{"href":"http:\/\/rurallascolonias.com.ar\/index.php?rest_route=\/wp\/v2\/types\/post"}],"author":[{"embeddable":true,"href":"http:\/\/rurallascolonias.com.ar\/index.php?rest_route=\/wp\/v2\/users\/5"}],"replies":[{"embeddable":true,"href":"http:\/\/rurallascolonias.com.ar\/index.php?rest_route=%2Fwp%2Fv2%2Fcomments&post=6505"}],"version-history":[{"count":1,"href":"http:\/\/rurallascolonias.com.ar\/index.php?rest_route=\/wp\/v2\/posts\/6505\/revisions"}],"predecessor-version":[{"id":6506,"href":"http:\/\/rurallascolonias.com.ar\/index.php?rest_route=\/wp\/v2\/posts\/6505\/revisions\/6506"}],"wp:attachment":[{"href":"http:\/\/rurallascolonias.com.ar\/index.php?rest_route=%2Fwp%2Fv2%2Fmedia&parent=6505"}],"wp:term":[{"taxonomy":"category","embeddable":true,"href":"http:\/\/rurallascolonias.com.ar\/index.php?rest_route=%2Fwp%2Fv2%2Fcategories&post=6505"},{"taxonomy":"post_tag","embeddable":true,"href":"http:\/\/rurallascolonias.com.ar\/index.php?rest_route=%2Fwp%2Fv2%2Ftags&post=6505"}],"curies":[{"name":"wp","href":"https:\/\/api.w.org\/{rel}","templated":true}]}}