{"id":6477,"date":"2015-04-24T11:52:45","date_gmt":"2015-04-24T11:52:45","guid":{"rendered":"http:\/\/rurallascolonias.com.ar\/?p=6477"},"modified":"2015-04-24T11:52:45","modified_gmt":"2015-04-24T11:52:45","slug":"la-crisis-ya-esta-en-el-patio","status":"publish","type":"post","link":"http:\/\/rurallascolonias.com.ar\/?p=6477","title":{"rendered":"La crisis ya est\u00e1 en el patio"},"content":{"rendered":"<p><a href=\"http:\/\/rurallascolonias.com.ar\/wp-content\/uploads\/2015\/04\/La-crisis-ya-est\u00e1-en-el-patio-300x300.jpg\"><img loading=\"lazy\" class=\"aligncenter size-full wp-image-6478\" src=\"http:\/\/rurallascolonias.com.ar\/wp-content\/uploads\/2015\/04\/La-crisis-ya-est\u00e1-en-el-patio-300x300.jpg\" alt=\"La-crisis-ya-est\u00e1-en-el-patio-300x300\" width=\"300\" height=\"300\" srcset=\"http:\/\/rurallascolonias.com.ar\/wp-content\/uploads\/2015\/04\/La-crisis-ya-est\u00e1-en-el-patio-300x300.jpg 300w, http:\/\/rurallascolonias.com.ar\/wp-content\/uploads\/2015\/04\/La-crisis-ya-est\u00e1-en-el-patio-300x300-150x150.jpg 150w\" sizes=\"(max-width: 300px) 100vw, 300px\" \/><\/a>Todav\u00eda no lleg\u00f3 al productor, pero falta poco.<!--more--><\/p>\n<p>Hay precios que superan los 3,30\/3,40 $ x litro aunque tambi\u00e9n los hay de 3,15 $. El promedio de las empresas ronda los 3,25$. Con estos valores a los tambos le cierran sus n\u00fameros, por ahora. El aumento de costos y el parate desde la industria vaticina que, pueden, m\u00e1s temprano que tarde, entrar en rojo.<br \/>\nClaramente la industria mas comprometida es la que tiene una pata en la exportaci\u00f3n. Un queso barra se est\u00e1 exportando apenas a 3 u$s el kilo y en el mercado interno el precio \u201cde planchada\u201d est\u00e1 cerca de los 50$ o sea unos 5 u$s. Semejante disparidad hace que muy r\u00e1pido el mercado interno se sature de quesos. Lo mismo pasa con la leche Larga Vida o la Leche en polvo.<br \/>\nComo si fuera poco ya hay industrias Uruguayas analizando la posibilidad de exportar quesos hacia Argentina, o leche Larga Vida.<br \/>\nLas \u00faltimas noticias no son halagadoras. Las plantas de leche en polvo construidas recientemente como La Ramada en Franck o NOAL en Villa Mar\u00eda est\u00e1n paradas o casi. Las plantas de Nestl\u00e9 trabajan un d\u00eda y paran dos. La de Alimentos Santa Clara (ex Nestl\u00e9) en Villanueva lanz\u00f3 un retiro voluntario y lleva m\u00e1s de 45 d\u00edas sin procesar nada.<br \/>\nNo es poca cosa el estado financiero de las f\u00e1bricas grandes. Los stocks de la mayor\u00eda est\u00e1n por las nubes, proporcional a los intereses erogados para soportar el capital de trabajo.<br \/>\nEl Banco Naci\u00f3n est\u00e1 dosificando la financiaci\u00f3n y para otros bancos, la industria l\u00e1ctea, les resulta riesgosa.<br \/>\nAlgunas empresas est\u00e1n difiriendo los pagos a sus proveedores, y otras empezaron con algunos productores.<br \/>\nNo hay nadie que pueda pronosticar que esto se resolver\u00e1 a corto plazo. Cuando empez\u00f3 la debacle hace ya un a\u00f1o, algunos se animaban a decir que a lo sumo el problema llegaba a fin de a\u00f1o, despu\u00e9s que se acomodaba en el primer trimestre, luego hasta la mitad de a\u00f1o y hoy aseguran que durar\u00e1 por lo menos hasta fin de a\u00f1o, sin apostar que luego mejore.<br \/>\nEl gobierno est\u00e1 ocupado en octubre, y tampoco tiene muchas herramientas para ayudar, aunque algunos renieguen, por el tipo de cambio atrasado.<br \/>\nLas empresas no van a dejar de pagar los sueldos, pero los proveedores y los productores puede ser que empiecen a sufrir las consecuencias de la crisis, que para muchos, como el agua, ya est\u00e1 en el patio.<\/p>\n<p>El Admin<\/p>\n","protected":false},"excerpt":{"rendered":"<p>Todav\u00eda no lleg\u00f3 al productor, pero falta poco.<\/p>\n","protected":false},"author":5,"featured_media":0,"comment_status":"open","ping_status":"open","sticky":false,"template":"","format":"standard","meta":[],"categories":[42],"tags":[900],"_links":{"self":[{"href":"http:\/\/rurallascolonias.com.ar\/index.php?rest_route=\/wp\/v2\/posts\/6477"}],"collection":[{"href":"http:\/\/rurallascolonias.com.ar\/index.php?rest_route=\/wp\/v2\/posts"}],"about":[{"href":"http:\/\/rurallascolonias.com.ar\/index.php?rest_route=\/wp\/v2\/types\/post"}],"author":[{"embeddable":true,"href":"http:\/\/rurallascolonias.com.ar\/index.php?rest_route=\/wp\/v2\/users\/5"}],"replies":[{"embeddable":true,"href":"http:\/\/rurallascolonias.com.ar\/index.php?rest_route=%2Fwp%2Fv2%2Fcomments&post=6477"}],"version-history":[{"count":1,"href":"http:\/\/rurallascolonias.com.ar\/index.php?rest_route=\/wp\/v2\/posts\/6477\/revisions"}],"predecessor-version":[{"id":6479,"href":"http:\/\/rurallascolonias.com.ar\/index.php?rest_route=\/wp\/v2\/posts\/6477\/revisions\/6479"}],"wp:attachment":[{"href":"http:\/\/rurallascolonias.com.ar\/index.php?rest_route=%2Fwp%2Fv2%2Fmedia&parent=6477"}],"wp:term":[{"taxonomy":"category","embeddable":true,"href":"http:\/\/rurallascolonias.com.ar\/index.php?rest_route=%2Fwp%2Fv2%2Fcategories&post=6477"},{"taxonomy":"post_tag","embeddable":true,"href":"http:\/\/rurallascolonias.com.ar\/index.php?rest_route=%2Fwp%2Fv2%2Ftags&post=6477"}],"curies":[{"name":"wp","href":"https:\/\/api.w.org\/{rel}","templated":true}]}}