{"id":6473,"date":"2015-04-23T16:10:51","date_gmt":"2015-04-23T16:10:51","guid":{"rendered":"http:\/\/rurallascolonias.com.ar\/?p=6473"},"modified":"2015-04-23T16:11:46","modified_gmt":"2015-04-23T16:11:46","slug":"manana-se-llevara-a-cabo-la-tradicional-vidriera-genetica","status":"publish","type":"post","link":"http:\/\/rurallascolonias.com.ar\/?p=6473","title":{"rendered":"MA\u00d1ANA SE LLEVAR\u00c1 A CABO LA TRADICIONAL VIDRIERA GEN\u00c9TICA"},"content":{"rendered":"<p><a href=\"http:\/\/rurallascolonias.com.ar\/wp-content\/uploads\/2015\/04\/vidriera-gen\u00e9tica.jpg\"><img loading=\"lazy\" class=\"aligncenter size-full wp-image-6474\" src=\"http:\/\/rurallascolonias.com.ar\/wp-content\/uploads\/2015\/04\/vidriera-gen\u00e9tica.jpg\" alt=\"vidriera gen\u00e9tica\" width=\"259\" height=\"194\" \/><\/a>Este viernes 24 de abril comienza la primera parte de la Vidriera Gen\u00e9tica en la Sociedad Rural Las Colonias con la exposici\u00f3n, entrega de premios de Control Lechero y remate de vaquillonas. El viernes 8 de mayo se realizar\u00e1 la capacitaci\u00f3n con la participaci\u00f3n del Ingeniero Eduardo Garc\u00eda Maritano y el Dr. Alieto Guadagni brindar\u00e1 su \u201cVisi\u00f3n Estrat\u00e9gica del Desarrollo Argentino\u201d.<\/p>\n<p>La primera jornada de la Vidriera Gen\u00e9tica Lechera se llevar\u00e1 a cabo\u00a0este viernes 24 de abril, ser\u00e1 de exposici\u00f3n y remate de animales, comenzando con una exposici\u00f3n est\u00e1tica a partir de las 9 horas.<!--more--><\/p>\n<p>&nbsp;<\/p>\n<p>Est\u00e1 prevista la actuaci\u00f3n del jurado de clasificaci\u00f3n y concurso de vaquillonas. \u201cAntes del almuerzo, se har\u00e1 entrega de un reconocimiento a productores de la entidad 060 de control lechero. A las 14 horas ser\u00e1 la exhibici\u00f3n de animales y entrega de premios, seguido del remate; \u00faltima actividad de ese primer d\u00eda, cuyo cierre est\u00e1 previsto para las 17.30 horas\u201d, indicaron.<\/p>\n<p>&nbsp;<\/p>\n<p>En tanto la para segunda jornada, que se llevar\u00e1 a cabo el pr\u00f3ximo viernes 8 de mayo, ser\u00e1 de car\u00e1cter t\u00e9cnico y contar\u00e1 con dos importantes disertaciones. La primera, programada para las 19 horas y denominada \u201cProyecto de planta l\u00e1ctea de formulaciones deshidratadas\u201d, estar\u00e1 a cargo del Ing. Agr. Eduardo Garc\u00eda Maritano.\u00a0Luego\u00a0el Dr. Alieto Guadagni expondr\u00e1 su \u201cVisi\u00f3n estrat\u00e9gica del desarrollo argentino\u201d. Para concluir, se llevar\u00e1 a cabo a las 21.30 horas una cena aniversario en el lugar.<\/p>\n<p>&nbsp;<\/p>\n<p>Ambas jornadas se desarrollar\u00e1n en el predio que la Sociedad Rural de Las Colonias tiene sobre Ruta 70, kil\u00f3metro 26.<\/p>\n","protected":false},"excerpt":{"rendered":"<p>Este viernes 24 de abril comienza la primera parte de la Vidriera Gen\u00e9tica en la Sociedad Rural Las Colonias con la exposici\u00f3n, entrega de premios de Control Lechero y remate de vaquillonas. El viernes 8 de mayo se realizar\u00e1 la capacitaci\u00f3n con la participaci\u00f3n del Ingeniero Eduardo Garc\u00eda Maritano y el Dr. Alieto Guadagni brindar\u00e1 [&hellip;]<\/p>\n","protected":false},"author":5,"featured_media":0,"comment_status":"open","ping_status":"open","sticky":false,"template":"","format":"standard","meta":[],"categories":[1],"tags":[],"_links":{"self":[{"href":"http:\/\/rurallascolonias.com.ar\/index.php?rest_route=\/wp\/v2\/posts\/6473"}],"collection":[{"href":"http:\/\/rurallascolonias.com.ar\/index.php?rest_route=\/wp\/v2\/posts"}],"about":[{"href":"http:\/\/rurallascolonias.com.ar\/index.php?rest_route=\/wp\/v2\/types\/post"}],"author":[{"embeddable":true,"href":"http:\/\/rurallascolonias.com.ar\/index.php?rest_route=\/wp\/v2\/users\/5"}],"replies":[{"embeddable":true,"href":"http:\/\/rurallascolonias.com.ar\/index.php?rest_route=%2Fwp%2Fv2%2Fcomments&post=6473"}],"version-history":[{"count":2,"href":"http:\/\/rurallascolonias.com.ar\/index.php?rest_route=\/wp\/v2\/posts\/6473\/revisions"}],"predecessor-version":[{"id":6476,"href":"http:\/\/rurallascolonias.com.ar\/index.php?rest_route=\/wp\/v2\/posts\/6473\/revisions\/6476"}],"wp:attachment":[{"href":"http:\/\/rurallascolonias.com.ar\/index.php?rest_route=%2Fwp%2Fv2%2Fmedia&parent=6473"}],"wp:term":[{"taxonomy":"category","embeddable":true,"href":"http:\/\/rurallascolonias.com.ar\/index.php?rest_route=%2Fwp%2Fv2%2Fcategories&post=6473"},{"taxonomy":"post_tag","embeddable":true,"href":"http:\/\/rurallascolonias.com.ar\/index.php?rest_route=%2Fwp%2Fv2%2Ftags&post=6473"}],"curies":[{"name":"wp","href":"https:\/\/api.w.org\/{rel}","templated":true}]}}