{"id":6471,"date":"2015-04-23T16:07:27","date_gmt":"2015-04-23T16:07:27","guid":{"rendered":"http:\/\/rurallascolonias.com.ar\/?p=6471"},"modified":"2015-04-23T16:07:27","modified_gmt":"2015-04-23T16:07:27","slug":"santa-fe-piden-que-el-gobierno-provincial-prohiba-el-uso-del-glifosato","status":"publish","type":"post","link":"http:\/\/rurallascolonias.com.ar\/?p=6471","title":{"rendered":"Santa Fe: piden que el gobierno provincial proh\u00edba el uso del glifosato"},"content":{"rendered":"<p><strong><em><a href=\"http:\/\/rurallascolonias.com.ar\/wp-content\/uploads\/2014\/02\/glifosato.jpg\"><img loading=\"lazy\" class=\"aligncenter size-full wp-image-1381\" src=\"http:\/\/rurallascolonias.com.ar\/wp-content\/uploads\/2014\/02\/glifosato.jpg\" alt=\"glifosato\" width=\"271\" height=\"186\" \/><\/a>La solicitud se fundamenta en la reciente clasificaci\u00f3n del qu\u00edmico como \u00abposible cancer\u00edgeno\u00bb por parte de la OMS.<\/em><\/strong><!--more--><\/p>\n<p>Los integrantes de la multisectorial Paren de Fumigarnos emitieron una declaratoria luego de analizar las conclusiones del XVII Plenario de la Campa\u00f1a Paren de Fumigarnos Santa Fe, realizado en Colastin\u00e9 Norte a mediados de abril, en el que solicitaron al gobierno provincial la prohibici\u00f3n del uso de glifosato, seg\u00fan public\u00f3 La Capital.<\/p>\n<p>En el documento renovaron el reclamo de pronto tratamiento del proyecto de modificaci\u00f3n de la ley 11.273, que regula el uso de agroqu\u00edmicos, y anunciaron que el mismo ser\u00e1 presentado nuevamente a la Legislatura el mes pr\u00f3ximo.<\/p>\n<p>El movimiento \u2014integrado por organizaciones sociales, delegados gremiales, agricultores familiares, cient\u00edficos, m\u00e9dicos y vecinos autoconvocados de los pueblos fumigados afectados por el modelo de agricultura t\u00f3xica\u2014 plasm\u00f3 en la declaraci\u00f3n que la creciente evidencia de insustentabilidad del modelo de agricultura t\u00f3xica, \u00abhace indispensable que el Estado provincial tome medidas urgentes para detener la epidemia de c\u00e1ncer y otras enfermedades directamente provocadas por el modo de producci\u00f3n basado en la utilizaci\u00f3n de qu\u00edmicos y semillas transg\u00e9nicas\u00bb.<\/p>\n<p>Valores.\u00bbExigimos el pronto tratamiento del proyecto de modificaci\u00f3n de la ley 11.273, el cual ser\u00e1 nuevamente presentado a la Legislatura en mayo pr\u00f3ximo. Declaramos nuestro apoyo a iniciativas legislativas p\u00fablicas e invitamos a apoyarlas y enriquecerlas, sin distinci\u00f3n de pertenencias pol\u00edtico-partidarias. Recordamos al mismo tiempo que compete a las agencias estatales provinciales y nacionales las acciones inmediatas para preservar valores del m\u00e1s alto rango como la salud, la vida y el ambiente as\u00ed como el inter\u00e9s superior de los ni\u00f1os potencialmente afectados. No es ocioso recordar que las primeras etapas de la vida son especialmente sensibles al efecto de los agroqu\u00edmicos, en muchos casos con consecuencias irreversibles, como lo documenta la profusa literatura cient\u00edfica\u00bb, expresaron.<\/p>\n<p>Prohibici\u00f3n. En ese contexto las entidades tambi\u00e9n solicitaron al Ministerio de la Producci\u00f3n que declare la prohibici\u00f3n del glifosato y sus formulaciones comerciales en todo el territorio de la provincia, ya que decenas de investigaciones cient\u00edficas nacionales y provinciales, demuestran su peligrosidad, tanto en sus efectos teratog\u00e9nicos como \u00abprobable cancer\u00edgeno\u00bb, seg\u00fan lo establece la Organizaci\u00f3n Mundial de la Salud (OMS) que recientemente acaba de clasificarlo formalmente.<\/p>\n<p>Los declarantes consideraron que se impone dictar medidas en lo inmediato tendientes a proteger a la ciudadan\u00eda del contacto involuntario con ese qu\u00edmico y elaborar un plan para el abandono definitivo. de su uso.<\/p>\n<p>Adem\u00e1s los militantes ecologistas valoraron que en la actual coyuntura electoral \u00abcabe interpelar a todos los candidatos a ocupar cargos pol\u00edticos de gesti\u00f3n sobre qu\u00e9 lugar ocupa en su oferta electoral la defensa de la salud, la vida y el medio ambiente del que todos formamos parte, reclamando ademas pronunciamientos p\u00fablicos y concretos acerca de este tema\u00bb.<\/p>\n<p>Restricci\u00f3n. Por otra parte, los asamble\u00edstas celebraron la decisi\u00f3n del Ministerio de la Producci\u00f3n de Santa Fe que, respondiendo a otra iniciativa popular, restringi\u00f3 recientemente la utilizaci\u00f3n del segundo herbicida m\u00e1s usado, el 2,4-D, un componente del tristemente famoso \u00abagente naranja\u00bbque fuera utilizado por los Estados Unidos durante la guerra de Vietnam en la d\u00e9cada del 60, rezago de guerra que solo a base de la ignorancia planificada, sigue provocando secuelas.<\/p>\n<p>Finalmente, manifestaron que \u00abaspiramos a un progresivo plan de adopci\u00f3n de otro modelo alimentario y productivo que pueda sostenerse en el tiempo, que no intoxique el suelo, el agua, el aire ni atente contra la salud y el modo de vida de toda la poblaci\u00f3n, v\u00edctimas involuntarias que sufren sus consecuencias\u00bb.<\/p>\n","protected":false},"excerpt":{"rendered":"<p>La solicitud se fundamenta en la reciente clasificaci\u00f3n del qu\u00edmico como \u00abposible cancer\u00edgeno\u00bb por parte de la OMS.<\/p>\n","protected":false},"author":5,"featured_media":0,"comment_status":"open","ping_status":"open","sticky":false,"template":"","format":"standard","meta":[],"categories":[14],"tags":[554,1995,1996,119],"_links":{"self":[{"href":"http:\/\/rurallascolonias.com.ar\/index.php?rest_route=\/wp\/v2\/posts\/6471"}],"collection":[{"href":"http:\/\/rurallascolonias.com.ar\/index.php?rest_route=\/wp\/v2\/posts"}],"about":[{"href":"http:\/\/rurallascolonias.com.ar\/index.php?rest_route=\/wp\/v2\/types\/post"}],"author":[{"embeddable":true,"href":"http:\/\/rurallascolonias.com.ar\/index.php?rest_route=\/wp\/v2\/users\/5"}],"replies":[{"embeddable":true,"href":"http:\/\/rurallascolonias.com.ar\/index.php?rest_route=%2Fwp%2Fv2%2Fcomments&post=6471"}],"version-history":[{"count":1,"href":"http:\/\/rurallascolonias.com.ar\/index.php?rest_route=\/wp\/v2\/posts\/6471\/revisions"}],"predecessor-version":[{"id":6472,"href":"http:\/\/rurallascolonias.com.ar\/index.php?rest_route=\/wp\/v2\/posts\/6471\/revisions\/6472"}],"wp:attachment":[{"href":"http:\/\/rurallascolonias.com.ar\/index.php?rest_route=%2Fwp%2Fv2%2Fmedia&parent=6471"}],"wp:term":[{"taxonomy":"category","embeddable":true,"href":"http:\/\/rurallascolonias.com.ar\/index.php?rest_route=%2Fwp%2Fv2%2Fcategories&post=6471"},{"taxonomy":"post_tag","embeddable":true,"href":"http:\/\/rurallascolonias.com.ar\/index.php?rest_route=%2Fwp%2Fv2%2Ftags&post=6471"}],"curies":[{"name":"wp","href":"https:\/\/api.w.org\/{rel}","templated":true}]}}