{"id":6465,"date":"2015-04-23T16:01:25","date_gmt":"2015-04-23T16:01:25","guid":{"rendered":"http:\/\/rurallascolonias.com.ar\/?p=6465"},"modified":"2015-04-23T16:01:25","modified_gmt":"2015-04-23T16:01:25","slug":"afirman-que-las-lluvias-seran-escasas-y-algunas-zonas-entraran-en-sequia","status":"publish","type":"post","link":"http:\/\/rurallascolonias.com.ar\/?p=6465","title":{"rendered":"Afirman que las lluvias ser\u00e1n escasas y algunas zonas entrar\u00e1n en sequ\u00eda"},"content":{"rendered":"<div class=\"description\"><a href=\"http:\/\/rurallascolonias.com.ar\/wp-content\/uploads\/2015\/04\/lluvias-escasas.jpg\"><img loading=\"lazy\" class=\"aligncenter size-full wp-image-6466\" src=\"http:\/\/rurallascolonias.com.ar\/wp-content\/uploads\/2015\/04\/lluvias-escasas.jpg\" alt=\"lluvias escasas\" width=\"259\" height=\"194\" \/><\/a>Este escenario favorecer\u00e1 el avance de la cosecha pero puede complicar la siembra de los cultivos invernales.<\/div>\n<p><!--more--><\/p>\n<div class=\"authorinfo\"><\/div>\n<div class=\"vsmcontent\">\n<p>\u00a0Despu\u00e9s de un verano y un comienzo del oto\u00f1o muy h\u00famedo, el escenario clim\u00e1tico ingres\u00f3 a un per\u00edodo en el que las lluvias van a escasear y puede haber dificultades en las regiones que menos precipitaciones tuvieron de cara a la siembra de trigo y otros cultivos invernales.<\/p>\n<p>\u201cLas zonas que no recibieron los milimetrajes necesarios, volver\u00e1n a quedar al borde de la sequ\u00eda a comienzos de la pr\u00f3xima semana\u201d, adelanta un informe de la Consultora Climatol\u00f3gica Aplicada (CCA), que dirige Jos\u00e9 Luis Aiello.<\/p>\n<p>Hay que recordar que las lluvias de los \u00faltimos meses fueron desparejas: provocaron importantes excesos en el sudeste de C\u00f3rdoba y sudoeste y centro de Santa Fe, pero no fueron suficientes en los lotes del oeste de la provincia de Buenos Aires<\/p>\n<p>Durante los pr\u00f3ximos d\u00edas, la presencia de un importante centro de alta presi\u00f3n mantendr\u00e1 las condiciones estables y no permitir\u00e1 el avance de aire fr\u00edo hacia la regi\u00f3n central y norte del pa\u00eds, una situaci\u00f3n que va a favorecer el avance de la cosecha de soja y ma\u00edz.<\/p>\n<p>Fuente: <a title=\"Clarin\" href=\"http:\/\/www.clarin.com\/\">Clarin<\/a><\/p>\n<\/div>\n","protected":false},"excerpt":{"rendered":"<p>Este escenario favorecer\u00e1 el avance de la cosecha pero puede complicar la siembra de los cultivos invernales.<\/p>\n","protected":false},"author":5,"featured_media":0,"comment_status":"open","ping_status":"open","sticky":false,"template":"","format":"standard","meta":[],"categories":[18,40],"tags":[1992,19,703],"_links":{"self":[{"href":"http:\/\/rurallascolonias.com.ar\/index.php?rest_route=\/wp\/v2\/posts\/6465"}],"collection":[{"href":"http:\/\/rurallascolonias.com.ar\/index.php?rest_route=\/wp\/v2\/posts"}],"about":[{"href":"http:\/\/rurallascolonias.com.ar\/index.php?rest_route=\/wp\/v2\/types\/post"}],"author":[{"embeddable":true,"href":"http:\/\/rurallascolonias.com.ar\/index.php?rest_route=\/wp\/v2\/users\/5"}],"replies":[{"embeddable":true,"href":"http:\/\/rurallascolonias.com.ar\/index.php?rest_route=%2Fwp%2Fv2%2Fcomments&post=6465"}],"version-history":[{"count":1,"href":"http:\/\/rurallascolonias.com.ar\/index.php?rest_route=\/wp\/v2\/posts\/6465\/revisions"}],"predecessor-version":[{"id":6467,"href":"http:\/\/rurallascolonias.com.ar\/index.php?rest_route=\/wp\/v2\/posts\/6465\/revisions\/6467"}],"wp:attachment":[{"href":"http:\/\/rurallascolonias.com.ar\/index.php?rest_route=%2Fwp%2Fv2%2Fmedia&parent=6465"}],"wp:term":[{"taxonomy":"category","embeddable":true,"href":"http:\/\/rurallascolonias.com.ar\/index.php?rest_route=%2Fwp%2Fv2%2Fcategories&post=6465"},{"taxonomy":"post_tag","embeddable":true,"href":"http:\/\/rurallascolonias.com.ar\/index.php?rest_route=%2Fwp%2Fv2%2Ftags&post=6465"}],"curies":[{"name":"wp","href":"https:\/\/api.w.org\/{rel}","templated":true}]}}