{"id":6463,"date":"2015-04-23T15:58:35","date_gmt":"2015-04-23T15:58:35","guid":{"rendered":"http:\/\/rurallascolonias.com.ar\/?p=6463"},"modified":"2015-04-23T15:58:35","modified_gmt":"2015-04-23T15:58:35","slug":"las-tematicas-del-congreso-de-cra-en-santa-fe","status":"publish","type":"post","link":"http:\/\/rurallascolonias.com.ar\/?p=6463","title":{"rendered":"Las tem\u00e1ticas del Congreso de CRA en Santa Fe"},"content":{"rendered":"<p><strong><em><a href=\"http:\/\/rurallascolonias.com.ar\/wp-content\/uploads\/2015\/03\/banners-cra-congreso-631-x-200.jpg\"><img loading=\"lazy\" class=\"aligncenter size-full wp-image-6094\" src=\"http:\/\/rurallascolonias.com.ar\/wp-content\/uploads\/2015\/03\/banners-cra-congreso-631-x-200.jpg\" alt=\"banners cra congreso 631 x 200\" width=\"629\" height=\"197\" srcset=\"http:\/\/rurallascolonias.com.ar\/wp-content\/uploads\/2015\/03\/banners-cra-congreso-631-x-200.jpg 629w, http:\/\/rurallascolonias.com.ar\/wp-content\/uploads\/2015\/03\/banners-cra-congreso-631-x-200-300x93.jpg 300w, http:\/\/rurallascolonias.com.ar\/wp-content\/uploads\/2015\/03\/banners-cra-congreso-631-x-200-600x187.jpg 600w, http:\/\/rurallascolonias.com.ar\/wp-content\/uploads\/2015\/03\/banners-cra-congreso-631-x-200-624x195.jpg 624w\" sizes=\"(max-width: 629px) 100vw, 629px\" \/><\/a>El Congreso de CRA, edici\u00f3n 2015, se llevar\u00e1 a cabo el 15 y 16 de mayo en la ciudad de Santa Fe<\/em><\/strong><!--more--><\/p>\n<p>Como todos los a\u00f1os el Congreso nacional de Confederaciones Rurales Argentinas volver\u00e1 a pararse en distintas tem\u00e1ticas que siempre tienen su correlato con la actualidad y el futuro econ\u00f3mico, productivo y pol\u00edtico del pa\u00eds.<\/p>\n<p>En este a\u00f1o electoral las principales fuerzas pol\u00edticas dir\u00e1n presente en las dos jornadas, a trav\u00e9s de charlas brindadas por sus representantes t\u00e9cnicos, equipos econ\u00f3micos, funcionarios y por los mismos precandidatos a presidentes.<\/p>\n<p>El viernes 15 de mayo entre la diversidad de temas se destaca la participaci\u00f3n del doctor, consultor e investigador Atilio Penna, quien pondr\u00e1 el eje de su charla en la gesti\u00f3n empresarial dentro del sector agropecuario.<\/p>\n<p>El panel denominado \u201cPobreza, Educaci\u00f3n, Sociedad y Territorio\u201d tendr\u00e1 como disertantes a la doctora Cecilia Veleda, investigadora del\u00a0CIPPEC y al doctor Fabio Quetglas especialista desde hace 20 en tem\u00e1ticas vinculadas el desarrollo local.<\/p>\n<p>Sobre la actualidad pol\u00edtica, los principales casos de corrupci\u00f3n y la pregunta sobre si es posible investigar en la Argentina, hablar\u00e1n los periodistas del diario La Naci\u00f3n, Hugo Alconada Mon, y del diario Clar\u00edn, Mat\u00edas Longoni.<\/p>\n<p>Alejandro Katz, ensayista y editor, brindar\u00e1 con su charla otra visi\u00f3n del entramado socio-pol\u00edtico nacional bajo una disertaci\u00f3n titulada \u201c\u00bfEs posible una Argentina para -todos- los argentinos? Democracia, desarrollo y El posible futuro en com\u00fan\u201d.<\/p>\n<p>La jornada del viernes 15 termina con la charla del consultor y encuestador Jorge Giacobbe quien presentar\u00e1 los \u00faltimos n\u00fameros de las encuestas provinciales y nacionales de cara a las pr\u00f3ximas elecciones presidenciales.<\/p>\n<p><b>El s\u00e1bado justicia, econom\u00eda y periodismo<\/b><\/p>\n<p>La segunda jornada del Congreso CRA pondr\u00e1 el centro de discusi\u00f3n en la justicia Argentina y el futuro de cara al 2016 de la mano de las charlas que brindar\u00e1n el doctor Miguel Piedecasas, representante de los abogados del interior del pa\u00eds dentro del Consejo de la Magistratura y del ex fiscal federal Pablo Lanusse.<\/p>\n<p>Ya por el mediod\u00eda llegar\u00e1 el turno de uno de los periodistas y formadores de opini\u00f3n m\u00e1s importantes de la Argentina como es Alfredo Leuco quien analizar\u00e1 el presente pol\u00edtico nacional. En tanto que promediando la tarde llegar\u00e1 el momento del constitucionalista Daniel Sabsay quien disertar\u00e1 sobre la calidad de las instituciones argentinas.<\/p>\n<p>Para el final el plato fuerte ser\u00e1 la mesa compartida por los principales pre candidatos a presidentes de la Naci\u00f3n.<\/p>\n<p><b>Abierta la inscripci\u00f3n<\/b><\/p>\n<p>Est\u00e1 abierta la inscripci\u00f3n al Congreso anual confederado, que este 2015 se llevar\u00e1 a cabo en la ciudad de Santa Fe, en el Sal\u00f3n Los Maderos, Dique 1, Puerto de Santa Fe.<\/p>\n<p>Para informes a inscripci\u00f3n debe enviar un correo electr\u00f3nico o comunicarse por tel\u00e9fono por estas v\u00edas de comunicaci\u00f3n:<\/p>\n<p><b>Email: <a href=\"mailto:congresocra@hotmail.com\" target=\"_blank\">congresocra@hotmail.com<\/a><\/b><\/p>\n<p><b>Tel\u00e9fono: 011-15-6209-9850<\/b><\/p>\n<p align=\"center\"><b>PROGRAMA<\/b><\/p>\n<p><b><span style=\"text-decoration: underline;\">Viernes 15 de Mayo:<\/span><\/b><\/p>\n<p><i><span style=\"text-decoration: underline;\">9:00 a 10:00 hs:<\/span><\/i> Inscripciones<\/p>\n<p><i><span style=\"text-decoration: underline;\">10:00 a 10:50 hs:<\/span><\/i> Apertura Oficial &#8211; Entonaci\u00f3n del Himno Nacional Argentino<\/p>\n<p>Palabras del Intendente Municipal de Santa Fe<\/p>\n<p>Palabras del Presidente de CARSFE, Francisco Mayoraz<\/p>\n<p>Palabras del Presidente de CRA, Rub\u00e9n Ferrero<\/p>\n<p>Palabras del gobernador de la Provincia de Santa Fe, Antonio Bonfatti<\/p>\n<p><i><span style=\"text-decoration: underline;\">10:50 a 11:10 hs<\/span><\/i><i>:<\/i> El campo: historia, tradici\u00f3n y arraigo<\/p>\n<p>Mensaje del Monse\u00f1or Jos\u00e9 Mar\u00eda Arancedo<\/p>\n<p><i><span style=\"text-decoration: underline;\"><br \/>\n11:10 a 11:30 hs<\/span><\/i><i>:<\/i> Coffee Break<\/p>\n<p><i><span style=\"text-decoration: underline;\"><br \/>\n11:30 a 12:00 hs:<\/span><\/i> \u00abGesti\u00f3n empresarial en el sector agropecuario\u00bb. Dr. Atilio Penna<\/p>\n<p><i><span style=\"text-decoration: underline;\"><br \/>\n12:00 a 13:00 hs:<\/span><\/i> Pobreza, Educaci\u00f3n, Sociedad y Territorio<\/p>\n<p>Pobreza y Educaci\u00f3n: Dra. Cecilia Veleda<\/p>\n<p>Sociedad y Territorio: Dr. Fabio Quetglas<\/p>\n<p><i><span style=\"text-decoration: underline;\"><br \/>\n13:00 a 15:00 hs:<\/span><\/i> Almuerzo libre<\/p>\n<p><i><span style=\"text-decoration: underline;\"><br \/>\n15:00 A 16:15 hs:<\/span><\/i> Periodismo de investigaci\u00f3n: \u00bfSe puede investigar en la Argentina?<\/p>\n<p>Periodistas invitados: Sres. Hugo Alconada Mon y Mat\u00edas Longoni<\/p>\n<p><i><span style=\"text-decoration: underline;\"><br \/>\n16.15 a 17:15 hs:<\/span><\/i> \u201c\u00bfEs posible una Argentina para -todos- los argentinos? Democracia, desarrollo y El posible futuro en com\u00fan\u201d &#8211; Lic. Alejandro Katz<\/p>\n<p><i><span style=\"text-decoration: underline;\"><br \/>\n17.45 a 19:00 hs:<\/span><\/i> Presente y futuro de las provincias desde la optica productiva<\/p>\n<p>Panel de Ministros de Agricultura de Santa Fe, Buenos Aires y C\u00f3rdoba<\/p>\n<p>Pol\u00edticas locales de sustentabilidad y desarrollo<\/p>\n<p>Recuperar los mercados internacionales<\/p>\n<p>Coordina: Med. Vet. Francisco Mayoraz<\/p>\n<p><i><span style=\"text-decoration: underline;\"><br \/>\n19:00 a 20:00 hs:<\/span><\/i> \u00abDe donde venimos y hacia donde vamos\u00bb. Sr. Jorge Giacobbe<\/p>\n<p><b><span style=\"text-decoration: underline;\"><br \/>\nS\u00e1bado 16 de Mayo:<\/span><\/b><\/p>\n<p><i><span style=\"text-decoration: underline;\"><br \/>\n09:00 a 10:30 hs:<\/span><\/i> Futuro de la Justicia Argentina<\/p>\n<p>Dr. Miguel Piedecasas y Dr. Pablo Lanusse<\/p>\n<p><i><span style=\"text-decoration: underline;\"><br \/>\n10:30 a 11:30 hs<\/span><\/i>: La econom\u00eda ante un nuevo ciclo<\/p>\n<p>Coordina: Dr. Juan Goya<\/p>\n<p><i><span style=\"text-decoration: underline;\"><br \/>\n11:30 a 11:50 hs:<\/span><\/i> Coffee Break<\/p>\n<p><i><span style=\"text-decoration: underline;\"><br \/>\n11:50 a 13:00 hs:<\/span><\/i> \u201cEl pa\u00eds que se va y el pa\u00eds que viene\u201d Periodista Alfredo Leuco<\/p>\n<p><i><span style=\"text-decoration: underline;\"><br \/>\n13:00 a 15:00 hs:<\/span><\/i> Almuerzo libre<\/p>\n<p><i><span style=\"text-decoration: underline;\"><br \/>\n15:00 a 15:40 hs:<\/span><\/i> Conclusiones y reflexiones del taller de Ateneos<\/p>\n<p><i><span style=\"text-decoration: underline;\"><br \/>\n15:45 a 16:45 hs:<\/span><\/i> \u00abReflexiones en torno a la calidad de las instituciones argentinas\u00bb<\/p>\n<p>Dr. Daniel Sabsay<\/p>\n<p><i><span style=\"text-decoration: underline;\"><br \/>\n16:50 a 17:10 hs:<\/span><\/i> Coffee Break<\/p>\n<p><i><span style=\"text-decoration: underline;\"><br \/>\n17:15 a 18.45 hs:<\/span><\/i> Escenario electoral 2015. Dirigentes y el campo.<\/p>\n<p>Coordina: Dr. Rub\u00e9n Ferrero<\/p>\n<p><i><span style=\"text-decoration: underline;\"><br \/>\n19:00 a 19:20 hs:<\/span><\/i> Conclusiones del Congreso CRA.<\/p>\n<p><i><span style=\"text-decoration: underline;\"><br \/>\n19:20 a 19:45 hs:<\/span><\/i> Palabras de cierre. Dr. Rub\u00e9n Ferrero<\/p>\n","protected":false},"excerpt":{"rendered":"<p>El Congreso de CRA, edici\u00f3n 2015, se llevar\u00e1 a cabo el 15 y 16 de mayo en la ciudad de Santa Fe<\/p>\n","protected":false},"author":5,"featured_media":0,"comment_status":"open","ping_status":"open","sticky":false,"template":"","format":"standard","meta":[],"categories":[42],"tags":[],"_links":{"self":[{"href":"http:\/\/rurallascolonias.com.ar\/index.php?rest_route=\/wp\/v2\/posts\/6463"}],"collection":[{"href":"http:\/\/rurallascolonias.com.ar\/index.php?rest_route=\/wp\/v2\/posts"}],"about":[{"href":"http:\/\/rurallascolonias.com.ar\/index.php?rest_route=\/wp\/v2\/types\/post"}],"author":[{"embeddable":true,"href":"http:\/\/rurallascolonias.com.ar\/index.php?rest_route=\/wp\/v2\/users\/5"}],"replies":[{"embeddable":true,"href":"http:\/\/rurallascolonias.com.ar\/index.php?rest_route=%2Fwp%2Fv2%2Fcomments&post=6463"}],"version-history":[{"count":1,"href":"http:\/\/rurallascolonias.com.ar\/index.php?rest_route=\/wp\/v2\/posts\/6463\/revisions"}],"predecessor-version":[{"id":6464,"href":"http:\/\/rurallascolonias.com.ar\/index.php?rest_route=\/wp\/v2\/posts\/6463\/revisions\/6464"}],"wp:attachment":[{"href":"http:\/\/rurallascolonias.com.ar\/index.php?rest_route=%2Fwp%2Fv2%2Fmedia&parent=6463"}],"wp:term":[{"taxonomy":"category","embeddable":true,"href":"http:\/\/rurallascolonias.com.ar\/index.php?rest_route=%2Fwp%2Fv2%2Fcategories&post=6463"},{"taxonomy":"post_tag","embeddable":true,"href":"http:\/\/rurallascolonias.com.ar\/index.php?rest_route=%2Fwp%2Fv2%2Ftags&post=6463"}],"curies":[{"name":"wp","href":"https:\/\/api.w.org\/{rel}","templated":true}]}}