{"id":6431,"date":"2015-04-21T15:52:23","date_gmt":"2015-04-21T15:52:23","guid":{"rendered":"http:\/\/rurallascolonias.com.ar\/?p=6431"},"modified":"2015-04-21T15:52:23","modified_gmt":"2015-04-21T15:52:23","slug":"palpitando-el-congreso-cra-2015","status":"publish","type":"post","link":"http:\/\/rurallascolonias.com.ar\/?p=6431","title":{"rendered":"Palpitando el Congreso CRA 2015"},"content":{"rendered":"<p><a href=\"http:\/\/rurallascolonias.com.ar\/wp-content\/uploads\/2015\/03\/banners-cra-congreso-631-x-200.jpg\"><img loading=\"lazy\" class=\"aligncenter size-full wp-image-6094\" src=\"http:\/\/rurallascolonias.com.ar\/wp-content\/uploads\/2015\/03\/banners-cra-congreso-631-x-200.jpg\" alt=\"banners cra congreso 631 x 200\" width=\"629\" height=\"197\" srcset=\"http:\/\/rurallascolonias.com.ar\/wp-content\/uploads\/2015\/03\/banners-cra-congreso-631-x-200.jpg 629w, http:\/\/rurallascolonias.com.ar\/wp-content\/uploads\/2015\/03\/banners-cra-congreso-631-x-200-300x93.jpg 300w, http:\/\/rurallascolonias.com.ar\/wp-content\/uploads\/2015\/03\/banners-cra-congreso-631-x-200-600x187.jpg 600w, http:\/\/rurallascolonias.com.ar\/wp-content\/uploads\/2015\/03\/banners-cra-congreso-631-x-200-624x195.jpg 624w\" sizes=\"(max-width: 629px) 100vw, 629px\" \/><\/a>Entrevista al periodista Alfredo Leuco en Las Bases. En mayo disertar\u00e1 sobre \u201cEl pa\u00eds que se va y el pa\u00eds que viene\u201d<!--more--><\/p>\n<p>El periodista Alfredo Leuco, due\u00f1o de\u00a0las tardes por radio Mitre, y co-conductor\u00a0junto a su hijo Diego, del programa\u00a0Los Leuco por el canal de noticias TN,\u00a0ser\u00e1 una de las caras reconocidas del\u00a0nuevo Congreso de CRA, los d\u00edas 15 y\u00a016 de mayo en la ciudad de Santa Fe.<\/p>\n<p>Bajo el t\u00edtulo \u201cEl pa\u00eds que se va y el pa\u00eds\u00a0que viene\u201d, Leuco disertar\u00e1 el d\u00eda s\u00e1bado\u00a016 al mediod\u00eda. \u201cA lo largo de estos\u00a0\u00faltimos a\u00f1os he acompa\u00f1ado a los productores\u00a0en distintas charlas brindadas\u00a0en todo el pa\u00eds, y lo primero que rescato\u00a0es la posibilidad de charlar tranquilo\u00a0con los productores, con el hombre\u00a0de campo\u201d, explica Leuco ya palpitando\u00a0lo que ser\u00e1 el Congreso de\u00a0CRA.<\/p>\n<p><i><b>\u00bfQu\u00e9 visi\u00f3n de pa\u00eds se asoma de\u00a0cara a un nuevo gobierno en\u00a02016?<\/b><\/i><\/p>\n<p>Quienes son inquilinos del\u00a0poder como los Kirchner,\u00a0el 10 de diciembre se les\u00a0vence el contrato de\u00a0alquiler y van a tener\u00a0que volver al\u00a0llano. Ese es\u00a0el mensaje\u00a0m\u00e1s\u00a0esperanzador. Y es una muy buena noticia\u00a0para la gran mayor\u00eda de los argentinos.<\/p>\n<p>El kirchnerismo impuso un liderazgo\u00a0agresivo, autoritario y poco dialoguista\u00a0que va a fi nalizar y es la primera de las\u00a0lecturas. Cualquiera de los candidatos,\u00a0desde Scioli hasta Macri, son pol\u00edticos\u00a0de otro estilo, son candidatos que son\u00a0la contracara de Cristina. Son todos\u00a0dialoguistas que toman decisiones tras\u00a0consultar a todos los sectores. Podr\u00e1s\u00a0estar de acuerdo o no con su ideolog\u00eda\u00a0pol\u00edtica pero en\u00a0general levantan\u00a0puentes\u00a0y no\u00a0construyen trincheras para enfrentar a\u00a0los distintos sectores.<\/p>\n<p><i><b>\u00bfCon qu\u00e9 panorama se va a encontrar el\u00a0nuevo gobierno?<\/b><\/i><\/p>\n<p>Se viene una Argentina en donde todos\u00a0tenemos que colaborar para salvar las\u00a0heridas brutales que dej\u00f3 el kirchnerismo.\u00a0Y en ese sentido soy optimista, porque\u00a0tambi\u00e9n la inversi\u00f3n de empresas\u00a0de otros pa\u00edses ya est\u00e1 mirando con otra\u00a0cara a nuestro pa\u00eds.<\/p>\n<p>La inversi\u00f3n p\u00fablica se cay\u00f3 a pique\u00a0producto de la mala praxis y de una irracionalidad\u00a0en las pol\u00edticas econ\u00f3micas,\u00a0pero creo que la inversi\u00f3n externa va a\u00a0crecer a fines de este a\u00f1o y eso va a generar\u00a0otra mirada.<\/p>\n<p>Se viene un momento complicado a ra\u00edz\u00a0de la mala praxis de Axel Kicillof, que\u00a0llev\u00f3 a la ca\u00edda del producto bruto, el\u00a0consumo popular, de las exportaciones\u00a0e importaciones. Cay\u00f3 el empleo\u00a0y el salario real y el PBI. Y\u00a0las cosas que no cayeron como\u00a0la inflaci\u00f3n, siguen estando\u00a0muy mal porque estamos\u00a0entre los tres pa\u00edses con\u00a0mayor inflaci\u00f3n despu\u00e9s\u00a0de Venezuela y Sud\u00e1n.<\/p>\n<p>Hay un trabajo muy\u00a0fino para el pr\u00f3ximo\u00a0gobierno.<\/p>\n<p><i><b>\u00bfQu\u00e9 futuro pol\u00edtico le\u00a0ve a Cristina Kirchner?<\/b><\/i><\/p>\n<p>Todav\u00eda no se han\u00a0a acomodado las\u00a0piezas electorales.\u00a0Pero es muy\u00a0fuerte la potencia\u00a0que\u00a0tiene a\u00fan\u00a0su liderazgo\u00a0y todav\u00eda no ha movido las fichas.\u00a0Hoy, seg\u00fan dicen encuestas, la gesti\u00f3n de\u00a0Cristina tiene una aprobaci\u00f3n del 36%\u00a0de la poblaci\u00f3n. Eso no se traslada autom\u00e1ticamente\u00a0a Cristina porque si preguntan\u00a0si la reeligir\u00edan, el 70% dice que\u00a0no. Pero es importante como base. \u00a0Los sectores ultra del kirchnerismo, los\u00a0m\u00e1s dogm\u00e1ticos como Carta Abierta y\u00a0La C\u00e1mpora, los que menos votos tienen,\u00a0quieren que sea candidata a gobernadora\u00a0de la provincia de Buenos Aires, aunque\u00a0la informaci\u00f3n que yo tengo es que ella\u00a0no quiere y que est\u00e1 agotada. Pero sin\u00a0dudas generar\u00eda un sacud\u00f3n muy fuerte\u00a0en el panorama pol\u00edtico bonaerense, porque\u00a0tiene una posibilidad muy concreta\u00a0de pelear arriba.<\/p>\n<p>Otra carta es que sea candidata a diputada\u00a0nacional por la provincia de Buenos\u00a0Aires o por el Parlasur y all\u00ed generar\u00eda\u00a0tambi\u00e9n la posibilidad de construirse\u00a0como la jefa de la oposici\u00f3n con una\u00a0cantidad de legisladores nada desde\u00f1able.<\/p>\n<p>Lo cierto es que tiene una fuerza de\u00a0choque importante, tendr\u00eda una mayor\u00eda\u00a0parlamentaria y posiblemente la presidencia\u00a0de la C\u00e1mara de Diputados.<\/p>\n<p><i><b>Eso obligar\u00eda al pr\u00f3ximo gobierno\u00a0a generar consensos y eso\u00a0\u00bfQu\u00e9 tipo de liderazgo quiere para la Argentina?<\/b><\/i><\/p>\n<p>No hay m\u00e1s lugar para gobiernos caudillescos\u00a0como el de N\u00e9stor Kirchner,\u00a0el de Carlos Menem o el de Ra\u00fal Alfons\u00edn.\u00a0Vienen liderazgos institucionales\u00a0que busquen consensos y acuerdos\u00a0parlamentarios con seis o siete puntos\u00a0de agenda de Estado para llevarlos a\u00a0cabo todos juntos. Y eso ser\u00e1 m\u00e1s lento,\u00a0no ser\u00e1 f\u00e1cil, pero sin dudas nos puede\u00a0llevar a una posici\u00f3n como pa\u00eds mucho\u00a0m\u00e1s s\u00f3lida.<\/p>\n<p><b>Menor libertad de expresi\u00f3n.<\/b><\/p>\n<p>As\u00ed como rivaliza fuerte con la Justicia,\u00a0como lo viene haciendo con mucha\u00a0m\u00e1s fuerza tras el 2008 y la crisis de la\u00a0125, el gobierno de Cristina Kirchner\u00a0se caracteriz\u00f3 por ampliar la brecha,\u00a0por confrontar, por armar una pel\u00edcula\u00a0llamada relato con buenos y malos. El\u00a0periodismo cr\u00edtico y Alfredo Leuco en\u00a0particular son protagonistas siempre\u00a0elegidos para la confrontaci\u00f3n por funcionarios\u00a0y personajes colaterales al kircherismo.<\/p>\n<p>\u201cSe destin\u00f3 todo un aparato\u00a0estatal para desacreditar al periodismo\u00a0independiente, con un oligopolio de\u00a0medios de amigos del gobierno que son\u00a0chupamedias y delatores de los periodistas\u00a0cr\u00edticos e independientes. Dejan\u00a0una fractura en general en la sociedad\u201d,\u00a0explica Leuco. \u201cHa sido muy doloroso\u00a0y triste y nos va a llevar mucho tiempo\u00a0sanar las heridas. En lo personal he\u00a0sido muy perseguido en todos los planos\u00a0pero no tengo rencor. Voy a luchar para\u00a0llegar a un periodismo que s\u00f3lo busque\u00a0la verdad, un periodismo que sea independiente\u00a0de los poderes pol\u00edticos y\u00a0econ\u00f3micos\u201d.<\/p>\n<p><i><b>Entre los grandes enemigos que cre\u00f3 el\u00a0gobierno sin dudas el campo, como sector,\u00a0tiene un lugar privilegiado\u2026<\/b><\/i><\/p>\n<p>En general coincido con las entidades\u00a0que representan al campo porque el gobierno\u00a0no ha hecho otra cosa que poner\u00a0trabas todo el tiempo, motivados por la\u00a0triple derrota que le impuso al gobierno\u00a0por la 125. Triple derrota porque fue\u00a0derrotado en la calle, en el Congreso y\u00a0electoralmente en 2009 con el voto a De\u00a0Narva\u00e9z, que canaliz\u00f3 la bronca.<\/p>\n<p><b><i>\u00bfCu\u00e1l es la visi\u00f3n del campo que busca\u00a0mostrar el gobierno a la sociedad?<\/i><\/b><\/p>\n<p>El gobierno se maneja con categor\u00edas antiguas que desconocen la modernidad\u00a0del campo. No ve al campo como el motor\u00a0del crecimiento argentino. Y trata de\u00a0cerrar con alg\u00fan sector, como lo ha hecho\u00a0con la FAA, con la clara oposici\u00f3n\u00a0de la mayor\u00eda de los afiliados, solamente\u00a0con la clara misi\u00f3n de romper una de las\u00a0atas de la Mesa de Enlace.<\/p>\n<p>Lo esperanzador es que lo que prometen\u00a0los candidatos a presidente es tener\u00a0una actitud de menor asfixia en cuanto a\u00a0presi\u00f3n tributaria e impositiva. De mayor\u00a0ayuda y de potenciar el crecimiento.\u00a0Yo creo mucho en la potencialidad de la\u00a0tecnolog\u00eda aplicada al campo, en la experiencia\u00a0que tiene el productor y no tengo\u00a0dudas de que si a la Argentina le espera\u00a0un futuro promisorio mucho va a tener\u00a0que ver con la actividad del campo.<\/p>\n","protected":false},"excerpt":{"rendered":"<p>Entrevista al periodista Alfredo Leuco en Las Bases. En mayo disertar\u00e1 sobre \u201cEl pa\u00eds que se va y el pa\u00eds que viene\u201d<\/p>\n","protected":false},"author":5,"featured_media":0,"comment_status":"open","ping_status":"open","sticky":false,"template":"","format":"standard","meta":[],"categories":[14],"tags":[443,1242],"_links":{"self":[{"href":"http:\/\/rurallascolonias.com.ar\/index.php?rest_route=\/wp\/v2\/posts\/6431"}],"collection":[{"href":"http:\/\/rurallascolonias.com.ar\/index.php?rest_route=\/wp\/v2\/posts"}],"about":[{"href":"http:\/\/rurallascolonias.com.ar\/index.php?rest_route=\/wp\/v2\/types\/post"}],"author":[{"embeddable":true,"href":"http:\/\/rurallascolonias.com.ar\/index.php?rest_route=\/wp\/v2\/users\/5"}],"replies":[{"embeddable":true,"href":"http:\/\/rurallascolonias.com.ar\/index.php?rest_route=%2Fwp%2Fv2%2Fcomments&post=6431"}],"version-history":[{"count":1,"href":"http:\/\/rurallascolonias.com.ar\/index.php?rest_route=\/wp\/v2\/posts\/6431\/revisions"}],"predecessor-version":[{"id":6432,"href":"http:\/\/rurallascolonias.com.ar\/index.php?rest_route=\/wp\/v2\/posts\/6431\/revisions\/6432"}],"wp:attachment":[{"href":"http:\/\/rurallascolonias.com.ar\/index.php?rest_route=%2Fwp%2Fv2%2Fmedia&parent=6431"}],"wp:term":[{"taxonomy":"category","embeddable":true,"href":"http:\/\/rurallascolonias.com.ar\/index.php?rest_route=%2Fwp%2Fv2%2Fcategories&post=6431"},{"taxonomy":"post_tag","embeddable":true,"href":"http:\/\/rurallascolonias.com.ar\/index.php?rest_route=%2Fwp%2Fv2%2Ftags&post=6431"}],"curies":[{"name":"wp","href":"https:\/\/api.w.org\/{rel}","templated":true}]}}