{"id":6403,"date":"2015-04-17T17:31:41","date_gmt":"2015-04-17T17:31:41","guid":{"rendered":"http:\/\/rurallascolonias.com.ar\/?p=6403"},"modified":"2015-04-17T17:31:41","modified_gmt":"2015-04-17T17:31:41","slug":"pesimismo-en-las-empresas-agropecuarias","status":"publish","type":"post","link":"http:\/\/rurallascolonias.com.ar\/?p=6403","title":{"rendered":"Pesimismo en las empresas agropecuarias"},"content":{"rendered":"<div class=\"description\"><a href=\"http:\/\/rurallascolonias.com.ar\/wp-content\/uploads\/2015\/04\/empresas-aropecuarias.png\"><img loading=\"lazy\" class=\"aligncenter size-full wp-image-6404\" src=\"http:\/\/rurallascolonias.com.ar\/wp-content\/uploads\/2015\/04\/empresas-aropecuarias.png\" alt=\"empresas aropecuarias\" width=\"259\" height=\"194\" \/><\/a>Los resultados econ\u00f3micos del 63% de las empresas agropecuarias consultadas se deterioraron en el \u00faltimo a\u00f1o debido a la ca\u00edda de precios de granos y la presi\u00f3n impositiva.<\/div>\n<p><!--more--><\/p>\n<div class=\"authorinfo\"><\/div>\n<div class=\"vsmcontent\">\n<p>\u00a0Los resultados econ\u00f3micos del 63% de las empresas agropecuarias consultadas se deterioraron en el \u00faltimo a\u00f1o debido a la ca\u00edda de precios de granos y la presi\u00f3n impositiva, seg\u00fan un sondeo divulgado ayer por Consorcios Regionales de Experimentaci\u00f3n Agr\u00edcola (CREA).<\/p>\n<p>El dato surge de una encuesta realizada entre el 9 y el 27 de marzo de 2015 con 757 productores y 190 asesores. El 83% de los consultados expres\u00f3 que la situaci\u00f3n econ\u00f3mica del pa\u00eds est\u00e1 \u00abpeor que hace un a\u00f1o\u00bb, aunque \u00abel 54% espera que las condiciones mejoren en 2016, tras el cambio de Gobierno\u00bb.<\/p>\n<p>El vicepresidente de CREA, Francisco Iguerabide -productor de Laboulaye (C\u00f3rdoba)- consider\u00f3 que \u00ablos resultados llevan a decisiones en las empresas que podr\u00edan ser de crisis en muchos casos\u00bb. Sostuvo que los \u00abingresos parecen el techo\u00bb, y el problema es \u00abpor baja en los precios de los granos muy significativa que no fueron compensadas en los rendimientos, adem\u00e1s del aumento de la burocracia administrativa\u00bb.<\/p>\n<p>El 63% de los encuestados indic\u00f3 que la situaci\u00f3n econ\u00f3mico-financiera de su empresa en particular empeor\u00f3 respecto de 2014, pero el 49% prev\u00e9 que el a\u00f1o pr\u00f3ximo su situaci\u00f3n mejorar\u00e1, en l\u00ednea con las expectativas para el contexto econ\u00f3mico general.<\/p>\n<p>El 80% de los entrevistados registr\u00f3 alg\u00fan deterioro en el resultado econ\u00f3mico en el \u00faltimo a\u00f1o, y a partir de esa circunstancia, las principales medidas adoptadas fueron la postergaci\u00f3n del crecimiento, el aumento de la deuda, la reducci\u00f3n de retiros y la liquidaci\u00f3n de capital, se inform\u00f3.<\/p>\n<p>El 61% opin\u00f3 que es \u00abmal momento\u00bb para realizar inversiones, mientras que cuando se realiz\u00f3 la encuesta, los productores CREA conservaban en stock el 8% de la soja del ciclo 2013-2014.<\/p>\n<p>Con respecto a los empresarios que han recurrido al endeudamiento para financiar capital operativo de la actual campa\u00f1a 2014-2015, el 15% evalu\u00f3 su estrategia como inadecuada, tanto en plazo como en costo.<\/p>\n<p>Para gestionar esa situaci\u00f3n, el 38% de los entrevistados planifica la refinanciaci\u00f3n de la deuda, mientras que el 22% eval\u00faa la cancelaci\u00f3n a trav\u00e9s de liquidaci\u00f3n de capital, en tanto que un 24% combinar\u00e1 ambas cosas.<\/p>\n<p>Fuente: <a title=\"\u00c1mbito Financiero\" href=\"http:\/\/www.ambito.com\/\"><span style=\"color: #0066cc;\">\u00c1mbito Financiero<\/span><\/a><\/p>\n<\/div>\n<p>&nbsp;<\/p>\n<p>&nbsp;<\/p>\n","protected":false},"excerpt":{"rendered":"<p>Los resultados econ\u00f3micos del 63% de las empresas agropecuarias consultadas se deterioraron en el \u00faltimo a\u00f1o debido a la ca\u00edda de precios de granos y la presi\u00f3n impositiva.<\/p>\n","protected":false},"author":5,"featured_media":0,"comment_status":"open","ping_status":"open","sticky":false,"template":"","format":"standard","meta":[],"categories":[14],"tags":[1978,1977],"_links":{"self":[{"href":"http:\/\/rurallascolonias.com.ar\/index.php?rest_route=\/wp\/v2\/posts\/6403"}],"collection":[{"href":"http:\/\/rurallascolonias.com.ar\/index.php?rest_route=\/wp\/v2\/posts"}],"about":[{"href":"http:\/\/rurallascolonias.com.ar\/index.php?rest_route=\/wp\/v2\/types\/post"}],"author":[{"embeddable":true,"href":"http:\/\/rurallascolonias.com.ar\/index.php?rest_route=\/wp\/v2\/users\/5"}],"replies":[{"embeddable":true,"href":"http:\/\/rurallascolonias.com.ar\/index.php?rest_route=%2Fwp%2Fv2%2Fcomments&post=6403"}],"version-history":[{"count":1,"href":"http:\/\/rurallascolonias.com.ar\/index.php?rest_route=\/wp\/v2\/posts\/6403\/revisions"}],"predecessor-version":[{"id":6405,"href":"http:\/\/rurallascolonias.com.ar\/index.php?rest_route=\/wp\/v2\/posts\/6403\/revisions\/6405"}],"wp:attachment":[{"href":"http:\/\/rurallascolonias.com.ar\/index.php?rest_route=%2Fwp%2Fv2%2Fmedia&parent=6403"}],"wp:term":[{"taxonomy":"category","embeddable":true,"href":"http:\/\/rurallascolonias.com.ar\/index.php?rest_route=%2Fwp%2Fv2%2Fcategories&post=6403"},{"taxonomy":"post_tag","embeddable":true,"href":"http:\/\/rurallascolonias.com.ar\/index.php?rest_route=%2Fwp%2Fv2%2Ftags&post=6403"}],"curies":[{"name":"wp","href":"https:\/\/api.w.org\/{rel}","templated":true}]}}