{"id":6369,"date":"2015-04-14T18:14:46","date_gmt":"2015-04-14T18:14:46","guid":{"rendered":"http:\/\/rurallascolonias.com.ar\/?p=6369"},"modified":"2015-04-14T18:14:46","modified_gmt":"2015-04-14T18:14:46","slug":"brasilia-no-abrira-el-mercado-a-las-frutas-argentinas-hasta-fin-de-mes","status":"publish","type":"post","link":"http:\/\/rurallascolonias.com.ar\/?p=6369","title":{"rendered":"Brasilia no abrir\u00e1 el mercado a las frutas argentinas hasta fin de mes"},"content":{"rendered":"<p><strong><em><a href=\"http:\/\/rurallascolonias.com.ar\/wp-content\/uploads\/2015\/04\/mercado-de-frutas.png\"><img loading=\"lazy\" class=\"aligncenter size-full wp-image-6370\" src=\"http:\/\/rurallascolonias.com.ar\/wp-content\/uploads\/2015\/04\/mercado-de-frutas.png\" alt=\"mercado de frutas\" width=\"259\" height=\"194\" \/><\/a>Postergan retenciones por 90 d\u00edas para ayudar al sector<\/em><\/strong><!--more--><\/p>\n<p>D<span style=\"line-height: 1.2em;\">esde la semana pasada t\u00e9cnicos brasile\u00f1os recorren el pa\u00eds para determinar o no la pronta apertura de su mercado a la importaci\u00f3n de peras y manzanas argentinas, el cual de no haber modificaciones se abrir\u00eda en la \u00faltima semana de abril. En este contexto, el Gobierno posterg\u00f3 el pago de los derechos de exportaci\u00f3n por sesenta d\u00edas s\u00f3lo a los productos que salen por el sur.<\/span><\/p>\n<p style=\"text-align: justify;\">El cierre de la frontera brasile\u00f1a tras el hallazgo de la carpocapsa (polilla de la manzana) en un cargamento argentino generar\u00e1 a la fecha p\u00e9rdidas para el pa\u00eds por u$s18 millones. De no abrirse ya, el mismo ascender\u00e1 a 40 millones para fin de mes.<\/p>\n<p>Hoy inspectores sanitarios del pa\u00eds vecino recorren fincas y plantas de empaques en la Patagon\u00eda.<\/p>\n<p style=\"text-align: justify;\">El fin de semana estuvieron en el Cuyo. Reci\u00e9n el viernes se ver\u00e1n las caras con sus pares locales para intercambiar opiniones y si bien se les propondr\u00e1 una apertura t\u00e9cnica, est\u00e1 ser\u00e1 rechazada dado que ya adelantaron que volver\u00e1n a Brasil donde analizaran lo visto en los campos argentinos, para luego elevar su informe a las autoridades oficiales.<\/p>\n<p>&nbsp;<\/p>\n<p>Fuentes del Servicio Nacional de Sanidad y Calidad Agroalimentaria (Senasa) adelantaron que hay dos opciones. O se hace una bilateral para ajustar el programa contra la plaga o pedir\u00e1n controles m\u00e1s exigentes en su an\u00e1lisis de la cadena frut\u00edcola.<\/p>\n<p>&nbsp;<\/p>\n<p style=\"text-align: justify;\">Desde el sector exportador se\u00f1alaron que la campa\u00f1a est\u00e1 terminando con 350.000 toneladas entre peras y manzanas desperdiciadas. Donde 150.000 fueron afectadas por el granizo y el resto no ten\u00eda precio por lo cual se decidi\u00f3 a no levantarlas.\u00a0El sector viene atravesando una grave crisis tras la devaluaci\u00f3n de las monedas de sus principales pa\u00edses importadores.<\/p>\n<p>&nbsp;<\/p>\n<p style=\"text-align: justify;\">Ante \u00e9sto el Ministerio de Agricultura anunci\u00f3 medidas de incentivo para la producci\u00f3n que van desde fondos directos a las cuentas de los productores por $50 millones, cr\u00e9ditos a tasa subsidiada de $300 millones del Banco Naci\u00f3n y la postergaci\u00f3n de cobros por parte de la AFIP que representa un aporte del Estado Nacional de $ 700 millones.<\/p>\n<p>&nbsp;<\/p>\n<p>Adem\u00e1s paso para m\u00e1s adelante el pago de las retenciones por 90 d\u00edas donde los primeros 15 no tendr\u00e1n intereses, luego del cual se cobrar\u00e1 un 3% mensual y en d\u00f3lares.<\/p>\n<div class=\"authorinfo\">Fuente: <a title=\"BAE\" href=\"http:\/\/www.diariobae.com\/\"><span style=\"color: #0066cc;\">BAE<\/span><\/a><\/div>\n<p>&nbsp;<\/p>\n<p>&nbsp;<\/p>\n<p>&nbsp;<\/p>\n","protected":false},"excerpt":{"rendered":"<p>Postergan retenciones por 90 d\u00edas para ayudar al sector<\/p>\n","protected":false},"author":5,"featured_media":0,"comment_status":"open","ping_status":"open","sticky":false,"template":"","format":"standard","meta":[],"categories":[14],"tags":[1970,77],"_links":{"self":[{"href":"http:\/\/rurallascolonias.com.ar\/index.php?rest_route=\/wp\/v2\/posts\/6369"}],"collection":[{"href":"http:\/\/rurallascolonias.com.ar\/index.php?rest_route=\/wp\/v2\/posts"}],"about":[{"href":"http:\/\/rurallascolonias.com.ar\/index.php?rest_route=\/wp\/v2\/types\/post"}],"author":[{"embeddable":true,"href":"http:\/\/rurallascolonias.com.ar\/index.php?rest_route=\/wp\/v2\/users\/5"}],"replies":[{"embeddable":true,"href":"http:\/\/rurallascolonias.com.ar\/index.php?rest_route=%2Fwp%2Fv2%2Fcomments&post=6369"}],"version-history":[{"count":1,"href":"http:\/\/rurallascolonias.com.ar\/index.php?rest_route=\/wp\/v2\/posts\/6369\/revisions"}],"predecessor-version":[{"id":6371,"href":"http:\/\/rurallascolonias.com.ar\/index.php?rest_route=\/wp\/v2\/posts\/6369\/revisions\/6371"}],"wp:attachment":[{"href":"http:\/\/rurallascolonias.com.ar\/index.php?rest_route=%2Fwp%2Fv2%2Fmedia&parent=6369"}],"wp:term":[{"taxonomy":"category","embeddable":true,"href":"http:\/\/rurallascolonias.com.ar\/index.php?rest_route=%2Fwp%2Fv2%2Fcategories&post=6369"},{"taxonomy":"post_tag","embeddable":true,"href":"http:\/\/rurallascolonias.com.ar\/index.php?rest_route=%2Fwp%2Fv2%2Ftags&post=6369"}],"curies":[{"name":"wp","href":"https:\/\/api.w.org\/{rel}","templated":true}]}}