{"id":6349,"date":"2015-04-13T16:55:41","date_gmt":"2015-04-13T16:55:41","guid":{"rendered":"http:\/\/rurallascolonias.com.ar\/?p=6349"},"modified":"2015-04-13T16:55:41","modified_gmt":"2015-04-13T16:55:41","slug":"las-lluvias-regresan-con-gran-cobertura","status":"publish","type":"post","link":"http:\/\/rurallascolonias.com.ar\/?p=6349","title":{"rendered":"Las lluvias regresan con gran cobertura"},"content":{"rendered":"<p><a href=\"http:\/\/rurallascolonias.com.ar\/wp-content\/uploads\/2014\/02\/lluvias-6.jpg\"><img loading=\"lazy\" class=\"aligncenter size-full wp-image-1572\" src=\"http:\/\/rurallascolonias.com.ar\/wp-content\/uploads\/2014\/02\/lluvias-6.jpg\" alt=\"lluvias 6\" width=\"262\" height=\"193\" \/><\/a>Las reservas de humedad se ajustaron hacia abajo, volvi\u00e9ndose homog\u00e9neas al sur del Salado, en general predominando la categor\u00eda sequ\u00eda&#8230;<!--more--><\/p>\n<p>Este estado tambi\u00e9n se observa en gran parte de la mitad este de ER. Esta situaci\u00f3n presenta mejoras hacia la provincia de SF, manteni\u00e9ndose en CB el perfil de humedad con reservas adecuadas. Dentro de este contexto ingresamos en una semana que traer\u00e1 lluvias de gran cobertura. Las mismas ocasionalmente interrumpir\u00e1n la cosecha, pero por lo que se representa en el mapa, es muy importante que las mismas se reposicionen en esta transici\u00f3n entre quincenas.<\/p>\n<p>La semana estar\u00e1 caracterizada por la presencia de lluvias y tormentas de variada intensidad en la zona centro y norte del pa\u00eds, los fen\u00f3menos se observar\u00e1n desde el lunes y se mantendr\u00e1n a lo largo de todo el per\u00edodo de pron\u00f3stico de manera intermitente.<\/p>\n<p>El resto de la jornada de hoy, las lluvias y tormentas se concentrar\u00e1n sobre el \u00e1rea pampeana, principalmente en las provincias de San Luis, La Pampa, centro y oeste de Buenos Aires y sur de C\u00f3rdoba. Los fen\u00f3menos de lluvias y tormentas, si bien ser\u00e1n generalizados, lo eventos m\u00e1s importantes se dar\u00e1n en forma puntual, con tormentas que podr\u00edan ser fuertes, acompa\u00f1adas de r\u00e1fagas y no se descarta la ca\u00edda de granizo de manera sectorizada. Tambi\u00e9n se prev\u00e9 que se activen algunas lluvias y tormentas sobre el NOA, pero se espera que se desarrollen a partir de la tarde o noche, con eventos dispersos. Mientras tanto, sobre la regi\u00f3n del NEA, se prev\u00e9n condiciones de calor y humedad, pero la chance de precipitaciones es muy baja durante el d\u00eda de hoy.<\/p>\n<p>El <b>martes<\/b>, las lluvias y tormentas se mantendr\u00e1n pr\u00e1cticamente sobre la misma regi\u00f3n, abarcando toda la zona pampeana, salvo Entre R\u00edos, que presentar\u00e1 s\u00f3lo algunas lluvias dispersas. Tambi\u00e9n en la franja norte del territorio nacional se observar\u00e1n lluvias y tormentas, con fen\u00f3menos entre d\u00e9biles y moderados. Hay que destacar que sobre la regi\u00f3n de la Patagonia, se espera que ingrese una masa de aire fr\u00edo muy importante, lo que generar\u00e1 un fuerte descenso t\u00e9rmico. Pero esta entrada de aire fr\u00edo no progresar\u00e1 de manera significativa hacia el norte, por lo que las bajas temperaturas quedar\u00e1n acotadas a la zona patag\u00f3nica. Esto es una modificaci\u00f3n respecto de la previsi\u00f3n que se impon\u00eda el viernes.<\/p>\n<p>El <b>mi\u00e9rcoles<\/b>, las lluvias y tormentas seguir\u00e1n registr\u00e1ndose sobre la regi\u00f3n central y norte del pa\u00eds, abarcando pr\u00e1cticamente toda la zona con fen\u00f3menos de lluvia y tormenta de variada intensidad. Seguir\u00e1n registr\u00e1ndose de manera puntual algunos eventos fuertes, aunque en general se observar\u00e1n lluvias y tormentas moderadas. Cabe remarcar que, a diferencia de los d\u00edas previos, se espera que en la provincia de Entre R\u00edos se observen lluvias y tormentas generalizadas. Se destaca que sobre la franja norte de la Patagonia, se prev\u00e9 que tambi\u00e9n se registren lluvias y chaparrones y no se descartan algunas tormentas aisladas especialmente en la provincia de R\u00edo Negro.<\/p>\n<p>El <b>jueves<\/b>, las condiciones se mantendr\u00e1n similares a nivel general, es decir, todo el centro y norte del pa\u00eds mantendr\u00e1 lluvias y tormentas de variada intensidad. Se prev\u00e9 que durante esta jornada, se incremente la fuerza de los fen\u00f3menos especialmente en el \u00e1rea pampeana, ya que el avance del frente fr\u00edo, sumado a la perturbaci\u00f3n de niveles medios de la atm\u00f3sfera, combinado con el importante contenido de humedad en las capas bajas, permitir\u00e1 el desarrollo de las fuertes lluvias y tormentas sobre La Pampa y Buenos Aires, especialmente sobre el sector sudoeste de la provincia. En la Patagonia, todav\u00eda podr\u00e1n observarse algunas tormentas aisladas, especialmente en la franja norte de la provincia.<\/p>\n<p>El <b>viernes<\/b>, las lluvias y tormentas ser\u00e1n fuertes y generalizadas en todo el centro-este del territorio nacional. Tanto La Pampa, como Buenos Aires, C\u00f3rdoba, Santa Fe, Entre R\u00edos, Corrientes, Misiones recibir\u00e1n lluvias y tormentas de moderada a fuerte intensidad. No s\u00f3lo ser\u00e1n los acumulados previstos, que se espera que sean importantes, sino tambi\u00e9n los fen\u00f3menos asociados, ya que se prev\u00e9 que est\u00e9n acompa\u00f1ados de importantes r\u00e1fagas de viento y no se descarta la ca\u00edda de granizo. Sobre el NOA, si bien se prev\u00e9 que tambi\u00e9n se registren precipitaciones, las mismas ser\u00e1n de intensidad leve a moderada.<\/p>\n<p>Durante el<b> fin de semana<\/b>, todo el sistema de lluvias y tormentas se desplazar\u00e1 hacia el este, por lo que sobre el territorio nacional s\u00f3lo quedar\u00e1n algunas lluvias aisladas restringidas al extremo este del pa\u00eds, con algunas lluvias y chaparrones dispersos en la zona costera de Buenos Aires y algunas zonas aisladas de Entre R\u00edos. Mientras que sobre el norte del NEA, se prev\u00e9 que todav\u00eda queden algunas tormentas dispersas de moderada a fuerte intensidad, especialmente en la provincia de Misiones. En toda la franja oeste, las condiciones comienzan a estabilizarse, con el ingreso de una masa de aire fr\u00edo y seco, lo que favorecer\u00e1 a un fuerte descenso t\u00e9rmico en todo el territorio nacional. El domingo, la situaci\u00f3n ser\u00e1 similar, con el aire fr\u00edo abarcando a todo el pa\u00eds, y sin la presencia de los chaparrones sobre la franja central, ya que las condiciones ser\u00e1n estables en todo el territorio nacional. Las marcas t\u00e9rmicas presentar\u00e1n un nuevo descenso t\u00e9rmico, por lo que se prev\u00e9 que sea una de las jornadas m\u00e1s fr\u00edas de la semana de an\u00e1lisis.<\/p>\n<ul>\n<li><em>Por CCA &#8211; exclusivo Agrositio<\/em><\/li>\n<\/ul>\n","protected":false},"excerpt":{"rendered":"<p>Las reservas de humedad se ajustaron hacia abajo, volvi\u00e9ndose homog\u00e9neas al sur del Salado, en general predominando la categor\u00eda sequ\u00eda&#8230;<\/p>\n","protected":false},"author":5,"featured_media":0,"comment_status":"open","ping_status":"open","sticky":false,"template":"","format":"standard","meta":[],"categories":[40],"tags":[19],"_links":{"self":[{"href":"http:\/\/rurallascolonias.com.ar\/index.php?rest_route=\/wp\/v2\/posts\/6349"}],"collection":[{"href":"http:\/\/rurallascolonias.com.ar\/index.php?rest_route=\/wp\/v2\/posts"}],"about":[{"href":"http:\/\/rurallascolonias.com.ar\/index.php?rest_route=\/wp\/v2\/types\/post"}],"author":[{"embeddable":true,"href":"http:\/\/rurallascolonias.com.ar\/index.php?rest_route=\/wp\/v2\/users\/5"}],"replies":[{"embeddable":true,"href":"http:\/\/rurallascolonias.com.ar\/index.php?rest_route=%2Fwp%2Fv2%2Fcomments&post=6349"}],"version-history":[{"count":1,"href":"http:\/\/rurallascolonias.com.ar\/index.php?rest_route=\/wp\/v2\/posts\/6349\/revisions"}],"predecessor-version":[{"id":6350,"href":"http:\/\/rurallascolonias.com.ar\/index.php?rest_route=\/wp\/v2\/posts\/6349\/revisions\/6350"}],"wp:attachment":[{"href":"http:\/\/rurallascolonias.com.ar\/index.php?rest_route=%2Fwp%2Fv2%2Fmedia&parent=6349"}],"wp:term":[{"taxonomy":"category","embeddable":true,"href":"http:\/\/rurallascolonias.com.ar\/index.php?rest_route=%2Fwp%2Fv2%2Fcategories&post=6349"},{"taxonomy":"post_tag","embeddable":true,"href":"http:\/\/rurallascolonias.com.ar\/index.php?rest_route=%2Fwp%2Fv2%2Ftags&post=6349"}],"curies":[{"name":"wp","href":"https:\/\/api.w.org\/{rel}","templated":true}]}}