{"id":6327,"date":"2015-04-10T18:36:02","date_gmt":"2015-04-10T18:36:02","guid":{"rendered":"http:\/\/rurallascolonias.com.ar\/?p=6327"},"modified":"2015-04-10T18:36:02","modified_gmt":"2015-04-10T18:36:02","slug":"vuelve-el-calor-en-la-region-agricola","status":"publish","type":"post","link":"http:\/\/rurallascolonias.com.ar\/?p=6327","title":{"rendered":"Vuelve el calor en la regi\u00f3n agr\u00edcola"},"content":{"rendered":"<div class=\"description\"><a href=\"http:\/\/rurallascolonias.com.ar\/wp-content\/uploads\/2015\/04\/regi\u00f3n-agr\u00edcola.jpg\"><img loading=\"lazy\" class=\"aligncenter size-full wp-image-6328\" src=\"http:\/\/rurallascolonias.com.ar\/wp-content\/uploads\/2015\/04\/regi\u00f3n-agr\u00edcola.jpg\" alt=\"regi\u00f3n agr\u00edcola\" width=\"225\" height=\"224\" srcset=\"http:\/\/rurallascolonias.com.ar\/wp-content\/uploads\/2015\/04\/regi\u00f3n-agr\u00edcola.jpg 225w, http:\/\/rurallascolonias.com.ar\/wp-content\/uploads\/2015\/04\/regi\u00f3n-agr\u00edcola-150x150.jpg 150w\" sizes=\"(max-width: 225px) 100vw, 225px\" \/><\/a>Los vientos del sector norte provocar\u00e1n el aumento de la temperatura por encima de lo normal en la mayor parte del \u00e1rea agr\u00edcola.<\/div>\n<p><!--more--><\/p>\n<div class=\"authorinfo\"><\/div>\n<div class=\"vsmcontent\">\n<p style=\"text-align: justify;\">\u00a0<span style=\"line-height: 1.2em;\">Durante la mayor parte de la primera etapa de la perspectiva (que comenz\u00f3 ayer y concluye el pr\u00f3ximo mi\u00e9rcoles), los vientos del sector norte provocar\u00e1n el aumento de la temperatura por encima de lo normal en la mayor parte del \u00e1rea agr\u00edcola.<\/span><\/p>\n<p>&nbsp;<\/p>\n<p align=\"center\">\n<p>&nbsp;<\/p>\n<p style=\"text-align: justify;\">\u2022El este del NOA, la mayor parte de la Mesopotamia, la mayor parte de Santa Fe, el centro de Cuyo, el norte y el sur de C\u00f3rdoba, el norte y el centro-oeste de La Pampa, el nordeste de Buenos Aires, el oeste del Uruguay y el sudeste del Paraguay observar\u00e1n temperaturas m\u00e1ximas superiores a 30 \u00baC, con un amplio foco con temperaturas de m\u00e1s de 35 \u00baC.<\/p>\n<p>&nbsp;<\/p>\n<p>\u2022El centro del NOA, la mayor parte de Cuyo, la mayor parte de la Regi\u00f3n Pampeana y la mayor parte del Uruguay observar\u00e1n temperaturas m\u00e1ximas entre 25 \u00b0C y 30 \u00b0C.<\/p>\n<p>&nbsp;<\/p>\n<p>\u2022El centro-este del NOA, el centro de Cuyo, el este y el sur de Buenos Aires y el este y el sur del Uruguay experimentar\u00e1n temperaturas m\u00e1ximas entre 20 \u00b0C y 25 \u00baC.<\/p>\n<p>&nbsp;<\/p>\n<p>\u2022El centro y el oeste del NOA y el oeste de Cuyo observar\u00e1n temperaturas m\u00e1ximas inferiores a 20 \u00baC.<\/p>\n<p>&nbsp;<\/p>\n<p style=\"text-align: justify;\">Hacia el final de la primera etapa de la perspectiva, un frente de tormenta comenzar\u00e1 su paso provocando precipitaciones de muy variada intensidad, con tormentas sobre el NOA, mientras que el resto del \u00e1rea agr\u00edcola registrar\u00e1 precipitaciones moderadas a abundantes, con focos de valores escasos. S\u00f3lo el oeste del NOA, la mayor parte de Cuyo y el norte del Uruguay experimentar\u00e1n registros escasos.<\/p>\n<p>&nbsp;<\/p>\n<p style=\"text-align: justify;\">\u2022La mayor parte del Paraguay, el norte de la Regi\u00f3n del Chaco, la mayor parte del NOA y el norte de la Mesopotamia observar\u00e1n precipitaciones abundantes a muy abundantes (25 a 75 mm), con varios focos de tormentas severas, con vientos, granizo y aguaceros torrenciales.<\/p>\n<p>&nbsp;<\/p>\n<p style=\"text-align: justify;\">\u2022El sur de la Regi\u00f3n del Chaco, el centro y el sur de la Mesopotamia, el este de Cuyo, la mayor parte de la Regi\u00f3n Pampeana y el sur del Uruguay registrar\u00e1n precipitaciones moderadas (10 a 25 mm) con amplios focos de valores abundantes (m\u00e1s de 25 mm), y posibles tormentas puntuales.<\/p>\n<p>&nbsp;<\/p>\n<p>\u2022S\u00f3lo el oeste del NOA, la mayor parte de Cuyo y el norte del Uruguay recibir\u00e1n valores escasos (menos de 10 mm), con algunos focos con valores moderados.<\/p>\n<p>&nbsp;<\/p>\n<p style=\"text-align: justify;\">El frente producir\u00e1 una vigorosa entrada de vientos del sudoeste, que dar\u00e1n inicio a un marcado descenso t\u00e9rmico.<\/p>\n<p>&nbsp;<\/p>\n<p style=\"text-align: justify;\">\u2022La mayor parte del Paraguay, el este de Salta y el norte de la Regi\u00f3n del Chaco registrar\u00e1n m\u00ednimas superiores a 20 \u00baC.<\/p>\n<p>&nbsp;<\/p>\n<p style=\"text-align: justify;\">\u2022El este del NOA, la mayor parte de la Regi\u00f3n del Chaco, el noroeste de Corrientes, el norte de C\u00f3rdoba, la mayor parte de Santa Fe, la mayor parte de Cuyo, la mayor parte de La Pampa y el sudeste del Paraguay observar\u00e1n temperaturas m\u00ednimas entre 15 \u00b0C y 20 \u00baC.<\/p>\n<p>&nbsp;<\/p>\n<p style=\"text-align: justify;\">\u2022El centro del NOA, el centro de Cuyo, la mayor parte de la Regi\u00f3n Pampeana, la mayor parte de la Mesopotamia y la mayor parte del Uruguay experimentar\u00e1n temperaturas m\u00ednimas entre 10 \u00b0C y 15 \u00b0C.<\/p>\n<p>&nbsp;<\/p>\n<p style=\"text-align: justify;\">\u2022El centro-este del NOA, el centro-este de Cuyo, las serran\u00edas de Buenos Aires y el centro-sur del Uruguay observar\u00e1n temperaturas m\u00ednimas entre 5 \u00b0C y 10 \u00baC.<\/p>\n<p>&nbsp;<\/p>\n<p>\u2022El centro y el oeste del NOA y el oeste de Cuyo observar\u00e1n temperaturas m\u00ednimas inferiores a 5 \u00baC con riesgo de heladas localizadas a generales.<\/p>\n<p>&nbsp;<\/p>\n<p>Informe de la Bolsa de Cereales elaborado por Eduardo Sierra, especialista en Agroclimatolog\u00eda.<\/p>\n<p>Fuente: <a title=\"\u00c1mbito Financiero\" href=\"http:\/\/www.ambito.com\/\"><span style=\"color: #0066cc;\">\u00c1mbito Financiero<\/span><\/a><\/p>\n<\/div>\n","protected":false},"excerpt":{"rendered":"<p>Los vientos del sector norte provocar\u00e1n el aumento de la temperatura por encima de lo normal en la mayor parte del \u00e1rea agr\u00edcola.<\/p>\n","protected":false},"author":5,"featured_media":0,"comment_status":"open","ping_status":"open","sticky":false,"template":"","format":"standard","meta":[],"categories":[1],"tags":[185,460],"_links":{"self":[{"href":"http:\/\/rurallascolonias.com.ar\/index.php?rest_route=\/wp\/v2\/posts\/6327"}],"collection":[{"href":"http:\/\/rurallascolonias.com.ar\/index.php?rest_route=\/wp\/v2\/posts"}],"about":[{"href":"http:\/\/rurallascolonias.com.ar\/index.php?rest_route=\/wp\/v2\/types\/post"}],"author":[{"embeddable":true,"href":"http:\/\/rurallascolonias.com.ar\/index.php?rest_route=\/wp\/v2\/users\/5"}],"replies":[{"embeddable":true,"href":"http:\/\/rurallascolonias.com.ar\/index.php?rest_route=%2Fwp%2Fv2%2Fcomments&post=6327"}],"version-history":[{"count":1,"href":"http:\/\/rurallascolonias.com.ar\/index.php?rest_route=\/wp\/v2\/posts\/6327\/revisions"}],"predecessor-version":[{"id":6329,"href":"http:\/\/rurallascolonias.com.ar\/index.php?rest_route=\/wp\/v2\/posts\/6327\/revisions\/6329"}],"wp:attachment":[{"href":"http:\/\/rurallascolonias.com.ar\/index.php?rest_route=%2Fwp%2Fv2%2Fmedia&parent=6327"}],"wp:term":[{"taxonomy":"category","embeddable":true,"href":"http:\/\/rurallascolonias.com.ar\/index.php?rest_route=%2Fwp%2Fv2%2Fcategories&post=6327"},{"taxonomy":"post_tag","embeddable":true,"href":"http:\/\/rurallascolonias.com.ar\/index.php?rest_route=%2Fwp%2Fv2%2Ftags&post=6327"}],"curies":[{"name":"wp","href":"https:\/\/api.w.org\/{rel}","templated":true}]}}