{"id":6324,"date":"2015-04-10T17:32:59","date_gmt":"2015-04-10T17:32:59","guid":{"rendered":"http:\/\/rurallascolonias.com.ar\/?p=6324"},"modified":"2015-04-10T17:32:59","modified_gmt":"2015-04-10T17:32:59","slug":"el-congreso-de-cra-2015-se-llevara-a-cabo-en-santa-fe","status":"publish","type":"post","link":"http:\/\/rurallascolonias.com.ar\/?p=6324","title":{"rendered":"El Congreso de CRA 2015, se llevar\u00e1 a cabo en Santa Fe"},"content":{"rendered":"<div class=\"description\"><a href=\"http:\/\/rurallascolonias.com.ar\/wp-content\/uploads\/2015\/04\/El-Congreso-de-CRA-2015-se-llevar\u00e1-a-cabo-en-Santa-Fe.png\"><img loading=\"lazy\" class=\"aligncenter size-full wp-image-6325\" src=\"http:\/\/rurallascolonias.com.ar\/wp-content\/uploads\/2015\/04\/El-Congreso-de-CRA-2015-se-llevar\u00e1-a-cabo-en-Santa-Fe.png\" alt=\"El Congreso de CRA 2015, se llevar\u00e1 a cabo en Santa Fe\" width=\"337\" height=\"149\" srcset=\"http:\/\/rurallascolonias.com.ar\/wp-content\/uploads\/2015\/04\/El-Congreso-de-CRA-2015-se-llevar\u00e1-a-cabo-en-Santa-Fe.png 337w, http:\/\/rurallascolonias.com.ar\/wp-content\/uploads\/2015\/04\/El-Congreso-de-CRA-2015-se-llevar\u00e1-a-cabo-en-Santa-Fe-300x132.png 300w\" sizes=\"(max-width: 337px) 100vw, 337px\" \/><\/a>La cita del congreso confederado es en el Sal\u00f3n Los Maderos, en el Dique 1 del Puerto de la ciudad Santa Fe, los d\u00edas viernes 15 y s\u00e1bado 16 de mayo.<\/div>\n<p><!--more--><\/p>\n<div class=\"authorinfo\"><\/div>\n<div class=\"vsmcontent\">\n<p>\u00a0<span style=\"line-height: 1.2em;\">Reconocidos economistas, abogados, periodistas, funcionarios y dirigentes agropecuarios compartir\u00e1n distintos paneles en los que se debatir\u00e1 sobre producci\u00f3n agropecuaria, pol\u00edticas para el sector, preocupaciones de la sociedad como el crecimiento de la pobreza y el decrecimiento de la educaci\u00f3n, el futuro de la Justicia de Argentina, la importancia de un periodismo independiente y de investigaci\u00f3n y el rol de las instituciones. Adem\u00e1s en pleno a\u00f1o electoral el Congreso de CRA reunir\u00e1 a los principales candidatos nacionales.<\/span><br \/>\nLa cita del congreso confederado es en el Sal\u00f3n Los Maderos, en el Dique 1 del Puerto de la ciudad Santa Fe, los d\u00edas viernes 15 y s\u00e1bado 16 de mayo.<\/p>\n<p>Ya son la de la partida como disertantes el Monse\u00f1or Jos\u00e9 Mar\u00eda Arancedo, el Dr. Atilio Penna, los periodistas Alfredo Leuco, Hugo Alconada Mon y Mat\u00edas Longoni, el ensayista Alejandro Katz, el consultor y analista Jorge Giacobbe, el abogado y miembro del Consejo de la Magistratura Miguel Piedecasas, el ex fiscal federal Pablo Lanusse y el abogado constitucionalista Daniel Sabsay, entre muchos m\u00e1s. Adem\u00e1s tambi\u00e9n habr\u00e1 un panel compartido por los ministros de Agricultura de las provincias de Santa Fe, Buenos Aires y C\u00f3rdoba, y fueron invitados los principales pre-candidatos a presidente en la pr\u00f3ximas elecciones.&nbsp;<\/p>\n<p align=\"center\"><b>PROGRAMA<\/b><\/p>\n<p>&nbsp;<\/p>\n<p>&nbsp;<\/p>\n<p><span style=\"text-decoration: underline;\"><b>Viernes 15 de Mayo:<\/p>\n<p><\/b><\/span><\/p>\n<p>&nbsp;<\/p>\n<p><i><span style=\"text-decoration: underline;\">9:00 a 10:00 hs:<\/span><\/i> Inscripciones<\/p>\n<p>&nbsp;<\/p>\n<p><i><span style=\"text-decoration: underline;\">10:00 a 10:50 hs:<\/span><\/i> Apertura Oficial &#8211; Entonaci\u00f3n del Himno Nacional Argentino &#8211; Video Institucional<\/p>\n<p>&nbsp;<\/p>\n<p>Palabras del Intendente Municipal de Santa Fe<\/p>\n<p>&nbsp;<\/p>\n<p>Palabras del Presidente de CARSFE, Francisco Mayoraz.<\/p>\n<p>&nbsp;<\/p>\n<p>Palabras del Presidente de CRA, Rub\u00e9n Ferrero.<\/p>\n<p>&nbsp;<\/p>\n<p>Palabras del gobernador de la Provincia de Santa Fe, Antonio Bonfatti.<\/p>\n<p>&nbsp;<\/p>\n<p><i><span style=\"text-decoration: underline;\">10:50 a 11:10 hs<\/span><\/i><i>:<\/i> El campo: historia, tradici\u00f3n y arraigo<\/p>\n<p>&nbsp;<\/p>\n<p>Reflexiones: Monse\u00f1or Jos\u00e9 Mar\u00eda Arancedo<\/p>\n<p>&nbsp;<\/p>\n<p><i><span style=\"text-decoration: underline;\"><br \/>\n11:10 a 11:30 hs<\/span><\/i><i>:<\/i> Coffee Break<\/p>\n<p>&nbsp;<\/p>\n<p><i><span style=\"text-decoration: underline;\"><br \/>\n11:30 a 12:00 hs:<\/span><\/i> \u00abGesti\u00f3n empresarial en el sector agropecuario\u00bb. Dr. Atilio Penna<\/p>\n<p>&nbsp;<\/p>\n<p><i><span style=\"text-decoration: underline;\"><br \/>\n12:00 a 13:00 hs:<\/span><\/i> Pobreza, Educaci\u00f3n, Sociedad y Territorio<\/p>\n<p>&nbsp;<\/p>\n<p>Pobreza<\/p>\n<p>&nbsp;<\/p>\n<p>Educaci\u00f3n<\/p>\n<p>&nbsp;<\/p>\n<p>Sociedad y Territorio<\/p>\n<p>&nbsp;<\/p>\n<p><i><span style=\"text-decoration: underline;\"><br \/>\n13:00 a 15:00 hs:<\/span><\/i> Almuerzo libre<\/p>\n<p>&nbsp;<\/p>\n<p><i><span style=\"text-decoration: underline;\"><br \/>\n15:00 A 16:15 hs:<\/span><\/i> Periodismo de investigaci\u00f3n: \u00bfSe puede investigar en la Argentina?<\/p>\n<p>&nbsp;<\/p>\n<p>Periodistas invitados: Sres. Hugo Alconada Mon y Mat\u00edas Longoni<\/p>\n<p>&nbsp;<\/p>\n<p><i><span style=\"text-decoration: underline;\"><br \/>\n16.15 a<\/span><\/i><i><span style=\"text-decoration: underline;\"> 17:15 hs:<\/span><\/i> \u201c\u00bfEs posible una Argentina para -todos- los argentinos? Democracia, desarrollo y El posible futuro en com\u00fan\u201d &#8211; Lic. Alejandro Katz<\/p>\n<p>&nbsp;<\/p>\n<p><i><span style=\"text-decoration: underline;\"><br \/>\n17:15 a 17:45 hs:<\/span><\/i> Coffee Break<\/p>\n<p>&nbsp;<\/p>\n<p><i><span style=\"text-decoration: underline;\"><br \/>\n17.45 a<\/span><\/i><i><span style=\"text-decoration: underline;\"> 18:30 hs:<\/span><\/i> Presente y futuro de las provincias desde la optica productiva<\/p>\n<p>&nbsp;<\/p>\n<p>Panel de Ministros de Agricultura de Santa Fe, Buenos Aires y C\u00f3rdoba<\/p>\n<p>&nbsp;<\/p>\n<p>Pol\u00edticas locales de sustentabilidad y desarrollo.<\/p>\n<p>&nbsp;<\/p>\n<p>Recuperar los mercados internacionales<\/p>\n<p>&nbsp;<\/p>\n<p>Coordina: Med. Vet. Francisco Mayoraz<\/p>\n<p>&nbsp;<\/p>\n<p><i><span style=\"text-decoration: underline;\"><br \/>\n18:30 a 19:30 hs:<\/span><\/i> \u00abDe donde venimos y hacia donde vamos\u00bb. Sr. Jorge Giacobbe<\/p>\n<p>&nbsp;<\/p>\n<p><i><span style=\"text-decoration: underline;\">20 hs:<\/span><\/i> C\u00f3ctel de cierre de primer d\u00eda<\/p>\n<p>&nbsp;<\/p>\n<p>&nbsp;<\/p>\n<p>&nbsp;<\/p>\n<p>&nbsp;<\/p>\n<p>&nbsp;<\/p>\n<p><span style=\"text-decoration: underline;\"><b><br \/>\nS\u00e1bado 16 de Mayo:<\/b><\/span><\/p>\n<p>&nbsp;<\/p>\n<p><i><span style=\"text-decoration: underline;\"><br \/>\n09:00 a 10:30 hs:<\/span><\/i> Futuro de la Justicia Argentina<\/p>\n<p>&nbsp;<\/p>\n<p>Dr. Miguel Piedecasas y Dr. Pablo Lanusse<\/p>\n<p>&nbsp;<\/p>\n<p><i><span style=\"text-decoration: underline;\"><br \/>\n10:30 a 11:30 hs<\/span><\/i>: La econom\u00eda ante un nuevo ciclo.<\/p>\n<p>&nbsp;<\/p>\n<p>Coordina: Dr. Juan Goya<\/p>\n<p>&nbsp;<\/p>\n<p><i><span style=\"text-decoration: underline;\"><br \/>\n11:30 a 11:50 hs:<\/span><\/i> Coffee Break<\/p>\n<p>&nbsp;<\/p>\n<p><i><span style=\"text-decoration: underline;\"><br \/>\n11:50 a 13:00 hs:<\/span><\/i> \u201cEl pa\u00eds que se va y el pa\u00eds que viene\u201d Periodista Alfredo Leuco<\/p>\n<p>&nbsp;<\/p>\n<p><i><span style=\"text-decoration: underline;\"><br \/>\n13:00 a 15:00 hs:<\/span><\/i> Almuerzo libre<\/p>\n<p>&nbsp;<\/p>\n<p><i><span style=\"text-decoration: underline;\"><br \/>\n15:00 a 15:40 hs:<\/span><\/i> Conclusiones y reflexiones del taller de Ateneos<\/p>\n<p>&nbsp;<\/p>\n<p><i><span style=\"text-decoration: underline;\"><br \/>\n15:45 a 16:45 hs:<\/span><\/i> \u00abReflexiones en torno a la calidad de las instituciones argentinas\u00bb<\/p>\n<p>&nbsp;<\/p>\n<p>Dr. Daniel Sabsay<\/p>\n<p>&nbsp;<\/p>\n<p><i><span style=\"text-decoration: underline;\"><br \/>\n16:50 a 17:10 hs:<\/span><\/i> Coffee Break<\/p>\n<p>&nbsp;<\/p>\n<p><i><span style=\"text-decoration: underline;\"><br \/>\n17:15 a 18.45 hs:<\/span><\/i> Escenario electoral 2015. Dirigentes y el campo.<\/p>\n<p>&nbsp;<\/p>\n<p>Invitaci\u00f3n a Candidatos a Presidente 2015<\/p>\n<p>&nbsp;<\/p>\n<p>Coordina: Dr. Rub\u00e9n Ferrero<\/p>\n<p>&nbsp;<\/p>\n<p><i><span style=\"text-decoration: underline;\"><br \/>\n19:00 a 19:20 hs:<\/span><\/i> Conclusiones del Congreso CRA.<\/p>\n<p>&nbsp;<\/p>\n<p><i><span style=\"text-decoration: underline;\">19:20 a 19:45 hs:<\/span><\/i> Palabras de cierre. Dr. Rub\u00e9n Ferrero<\/p>\n<p>Fuente: <a title=\"Infocampo\" href=\"http:\/\/infocampo.com.ar\/\"><span style=\"color: #0066cc;\">Infocampo<\/span><\/a><\/p>\n<\/div>\n","protected":false},"excerpt":{"rendered":"<p>La cita del congreso confederado es en el Sal\u00f3n Los Maderos, en el Dique 1 del Puerto de la ciudad Santa Fe, los d\u00edas viernes 15 y s\u00e1bado 16 de mayo.<\/p>\n","protected":false},"author":5,"featured_media":0,"comment_status":"open","ping_status":"open","sticky":false,"template":"","format":"standard","meta":[],"categories":[1],"tags":[],"_links":{"self":[{"href":"http:\/\/rurallascolonias.com.ar\/index.php?rest_route=\/wp\/v2\/posts\/6324"}],"collection":[{"href":"http:\/\/rurallascolonias.com.ar\/index.php?rest_route=\/wp\/v2\/posts"}],"about":[{"href":"http:\/\/rurallascolonias.com.ar\/index.php?rest_route=\/wp\/v2\/types\/post"}],"author":[{"embeddable":true,"href":"http:\/\/rurallascolonias.com.ar\/index.php?rest_route=\/wp\/v2\/users\/5"}],"replies":[{"embeddable":true,"href":"http:\/\/rurallascolonias.com.ar\/index.php?rest_route=%2Fwp%2Fv2%2Fcomments&post=6324"}],"version-history":[{"count":1,"href":"http:\/\/rurallascolonias.com.ar\/index.php?rest_route=\/wp\/v2\/posts\/6324\/revisions"}],"predecessor-version":[{"id":6326,"href":"http:\/\/rurallascolonias.com.ar\/index.php?rest_route=\/wp\/v2\/posts\/6324\/revisions\/6326"}],"wp:attachment":[{"href":"http:\/\/rurallascolonias.com.ar\/index.php?rest_route=%2Fwp%2Fv2%2Fmedia&parent=6324"}],"wp:term":[{"taxonomy":"category","embeddable":true,"href":"http:\/\/rurallascolonias.com.ar\/index.php?rest_route=%2Fwp%2Fv2%2Fcategories&post=6324"},{"taxonomy":"post_tag","embeddable":true,"href":"http:\/\/rurallascolonias.com.ar\/index.php?rest_route=%2Fwp%2Fv2%2Ftags&post=6324"}],"curies":[{"name":"wp","href":"https:\/\/api.w.org\/{rel}","templated":true}]}}