{"id":6295,"date":"2015-04-08T12:50:52","date_gmt":"2015-04-08T12:50:52","guid":{"rendered":"http:\/\/rurallascolonias.com.ar\/?p=6295"},"modified":"2015-04-08T12:50:52","modified_gmt":"2015-04-08T12:50:52","slug":"santa-fe-cordoba-buenos-aires-y-la-pampa-unifican-calendario-de-vacunacion-ganadero","status":"publish","type":"post","link":"http:\/\/rurallascolonias.com.ar\/?p=6295","title":{"rendered":"Santa Fe, C\u00f3rdoba, Buenos Aires y La Pampa unifican calendario de vacunaci\u00f3n ganadero"},"content":{"rendered":"<p><strong><em><a href=\"http:\/\/rurallascolonias.com.ar\/wp-content\/uploads\/2015\/04\/reunion-asuntos-agrarios-960-asuntos-agrarios.jpg\"><img loading=\"lazy\" class=\"aligncenter wp-image-6296 size-medium\" src=\"http:\/\/rurallascolonias.com.ar\/wp-content\/uploads\/2015\/04\/reunion-asuntos-agrarios-960-asuntos-agrarios-300x133.jpg\" alt=\"reunion-asuntos-agrarios-960-asuntos-agrarios\" width=\"300\" height=\"133\" srcset=\"http:\/\/rurallascolonias.com.ar\/wp-content\/uploads\/2015\/04\/reunion-asuntos-agrarios-960-asuntos-agrarios-300x133.jpg 300w, http:\/\/rurallascolonias.com.ar\/wp-content\/uploads\/2015\/04\/reunion-asuntos-agrarios-960-asuntos-agrarios-600x266.jpg 600w, http:\/\/rurallascolonias.com.ar\/wp-content\/uploads\/2015\/04\/reunion-asuntos-agrarios-960-asuntos-agrarios-624x276.jpg 624w, http:\/\/rurallascolonias.com.ar\/wp-content\/uploads\/2015\/04\/reunion-asuntos-agrarios-960-asuntos-agrarios.jpg 631w\" sizes=\"(max-width: 300px) 100vw, 300px\" \/><\/a><span style=\"font-weight: normal; font-style: normal; color: #656565;\">El Ministro Topo Rodr\u00edguez argument\u00f3 que \u00abesto simplifica el movimiento comercial y facilita el intercambio en t\u00e9rminos operativos\u00bb.<\/span><\/em><\/strong><!--more--><\/p>\n<p><span style=\"color: #656565;\">\u00abEn el marco del trabajo con nuestra Comisi\u00f3n Provincial de Sanidad Animal (COPROSA) hemos decidido avanzar en una medida que tiene un fuerte componente de federalismo productivo. Vamos a proponer al SENASA unificar el calendario de vacunaci\u00f3n de nuestro ganado con las provincias de Santa Fe, C\u00f3rdoba y La Pampa\u00bb, anunci\u00f3 el Ministro de Asuntos Agrarios bonaerense, Topo Rodr\u00edguez, en el marco de un nuevo encuentro de trabajo de la Comisi\u00f3n que se realiz\u00f3 este mediod\u00eda en la sede que el Ministerio de Asuntos Agrarios.<\/span><br style=\"color: #656565;\" \/><br style=\"color: #656565;\" \/><span style=\"color: #656565;\">Antes de iniciar un viaje a la Provincia de La Pampa, donde se desarrollar\u00e1 una jornada de trabajo con productores tamberos, el Ministro Topo Rodr\u00edguez argument\u00f3 que \u00abesto simplifica el movimiento comercial y facilita el intercambio en t\u00e9rminos operativos. El impacto de la medida ser\u00e1 altamente positivo para los peque\u00f1os y medianos productores, que son una prioridad para Daniel Scioli\u00bb.<\/span><br style=\"color: #656565;\" \/><br style=\"color: #656565;\" \/><span style=\"color: #656565;\">Concretamente, la Comisi\u00f3n propondr\u00e1 al SENASA realizar la vacunaci\u00f3n total del ganado en el oto\u00f1o y dejar la vacunaci\u00f3n de menores para la primavera. El principal beneficio recae sobre el movimiento de terneros, ya que la vacunaci\u00f3n de los rodeos ser\u00e1 coincidente en toda la regi\u00f3n.<\/span><br style=\"color: #656565;\" \/><br style=\"color: #656565;\" \/><span style=\"color: #656565;\">De este modo, la Provincia de Buenos Aires cambiar\u00e1 su calendario actual de vacunaci\u00f3n para unificarlo al que ya tienen Santa Fe, C\u00f3rdoba y La Pampa. Entre las cuatro provincias re\u00fanen el 70 por ciento del total de la ganader\u00eda de la Argentina.<\/span><br style=\"color: #656565;\" \/><br style=\"color: #656565;\" \/><span style=\"color: #656565;\">La propuesta de unificaci\u00f3n de calendario es el fruto del trabajo conjunto de distintas instituciones en el seno de la COPROSA, donde participan los Entes de Vacunaci\u00f3n contra la Fiebre Aftosa, el Colegio de Veterinarios de la Provincia de Buenos Aires, universidades nacionales, el INTA, el SENASA y la C\u00e1mara de Productos Veterinarios (Caprove) as\u00ed como Carbap, Coninagro, Federaci\u00f3n Agraria y Sociedad Rural.<\/span><br style=\"color: #656565;\" \/><br style=\"color: #656565;\" \/><span style=\"color: #656565;\">En la jornada de trabajo de hoy participaron Ra\u00fal P\u00e9rez Marino (Carbap), Daniel Vercellino (Coninagro), Bernardo Can\u00e9 (Asociaci\u00f3n Angus), Alejandro Vannoni (SENASA), Patricio Hayes (Caprove), Carlos Pineda (INTA norte), Javier Landa (Regi\u00f3n Sanitaria 1), Gustavo Echevers y Rodolfo Piedrabuena (Colegio Veterinarios), Fernando Garc\u00eda (Aprosan), Cecilia Lagrotte (Aprosan) y Pablo Vergonzelli (Unic\u00e9n).<\/span><br style=\"color: #656565;\" \/><br style=\"color: #656565;\" \/><span style=\"color: #656565;\">Por el Ministerio, estuvieron presentes el subsecretario de Agricultura y Ganader\u00eda, Juan \u00c1ngel Cruz; el director provincial de Ganader\u00eda, Gabriel Pedretti; y el director de Producci\u00f3n Ganadera, Hern\u00e1n Silva.<\/span><\/p>\n<p>Fuente: Infocampo<\/p>\n","protected":false},"excerpt":{"rendered":"<p>El Ministro Topo Rodr\u00edguez argument\u00f3 que \u00abesto simplifica el movimiento comercial y facilita el intercambio en t\u00e9rminos operativos\u00bb.<\/p>\n","protected":false},"author":5,"featured_media":0,"comment_status":"open","ping_status":"open","sticky":false,"template":"","format":"standard","meta":[],"categories":[42],"tags":[634,1962,682,1960,119,1961],"_links":{"self":[{"href":"http:\/\/rurallascolonias.com.ar\/index.php?rest_route=\/wp\/v2\/posts\/6295"}],"collection":[{"href":"http:\/\/rurallascolonias.com.ar\/index.php?rest_route=\/wp\/v2\/posts"}],"about":[{"href":"http:\/\/rurallascolonias.com.ar\/index.php?rest_route=\/wp\/v2\/types\/post"}],"author":[{"embeddable":true,"href":"http:\/\/rurallascolonias.com.ar\/index.php?rest_route=\/wp\/v2\/users\/5"}],"replies":[{"embeddable":true,"href":"http:\/\/rurallascolonias.com.ar\/index.php?rest_route=%2Fwp%2Fv2%2Fcomments&post=6295"}],"version-history":[{"count":1,"href":"http:\/\/rurallascolonias.com.ar\/index.php?rest_route=\/wp\/v2\/posts\/6295\/revisions"}],"predecessor-version":[{"id":6297,"href":"http:\/\/rurallascolonias.com.ar\/index.php?rest_route=\/wp\/v2\/posts\/6295\/revisions\/6297"}],"wp:attachment":[{"href":"http:\/\/rurallascolonias.com.ar\/index.php?rest_route=%2Fwp%2Fv2%2Fmedia&parent=6295"}],"wp:term":[{"taxonomy":"category","embeddable":true,"href":"http:\/\/rurallascolonias.com.ar\/index.php?rest_route=%2Fwp%2Fv2%2Fcategories&post=6295"},{"taxonomy":"post_tag","embeddable":true,"href":"http:\/\/rurallascolonias.com.ar\/index.php?rest_route=%2Fwp%2Fv2%2Ftags&post=6295"}],"curies":[{"name":"wp","href":"https:\/\/api.w.org\/{rel}","templated":true}]}}