{"id":6292,"date":"2015-04-08T12:41:14","date_gmt":"2015-04-08T12:41:14","guid":{"rendered":"http:\/\/rurallascolonias.com.ar\/?p=6292"},"modified":"2015-04-08T12:41:14","modified_gmt":"2015-04-08T12:41:14","slug":"campo-condicionado-por-la-elevada-variabilidad-climatica","status":"publish","type":"post","link":"http:\/\/rurallascolonias.com.ar\/?p=6292","title":{"rendered":"Campo, condicionado por la elevada variabilidad clim\u00e1tica"},"content":{"rendered":"<p><strong><em><a href=\"http:\/\/rurallascolonias.com.ar\/wp-content\/uploads\/2015\/04\/variabilidad-clim\u00e1tica.jpg\"><img loading=\"lazy\" class=\"aligncenter wp-image-6293 size-medium\" src=\"http:\/\/rurallascolonias.com.ar\/wp-content\/uploads\/2015\/04\/variabilidad-clim\u00e1tica-300x155.jpg\" alt=\"variabilidad clim\u00e1tica\" width=\"300\" height=\"155\" srcset=\"http:\/\/rurallascolonias.com.ar\/wp-content\/uploads\/2015\/04\/variabilidad-clim\u00e1tica-300x155.jpg 300w, http:\/\/rurallascolonias.com.ar\/wp-content\/uploads\/2015\/04\/variabilidad-clim\u00e1tica-600x310.jpg 600w, http:\/\/rurallascolonias.com.ar\/wp-content\/uploads\/2015\/04\/variabilidad-clim\u00e1tica-624x322.jpg 624w, http:\/\/rurallascolonias.com.ar\/wp-content\/uploads\/2015\/04\/variabilidad-clim\u00e1tica.jpg 648w\" sizes=\"(max-width: 300px) 100vw, 300px\" \/><\/a><span style=\"font-weight: normal; font-style: normal; color: #333333;\">En febrero y parte de marzo, las intensas precipitaciones en algunas regiones de Santa Fe y de C\u00f3rdoba provocaron anegamientos<\/span><\/em><\/strong><!--more--><\/p>\n<div class=\"vsmcontent\" style=\"color: #333333;\">\n<p style=\"color: #333333;\">El campo est\u00e1 afectado por una intensa \u00abvariabilidad clim\u00e1tica\u00bb que se observa en las actuales \u00absituaciones extremas de d\u00e9ficit y exceso de precipitaciones\u00bb. As\u00ed lo consign\u00f3 ayer un informe elaborado por el director del Instituto de Clima y Agua del INTA, Carlos Di Bella.<\/p>\n<p style=\"color: #333333;\">Los cient\u00edficos coinciden en que existe una mayor variabilidad clim\u00e1tica entre a\u00f1os con eventos intensos contrastantes y dif\u00edciles de pronosticar, porque el clima es cada vez m\u00e1s extremo e impredecible. As\u00ed es como un a\u00f1o con estimaciones de escasez h\u00eddrica sorprende a los especialistas con inesperadas inundaciones o sequ\u00edas; sentenciados por la realidad, los cient\u00edficos coinciden en la complejidad de predecir estos eventos tan extremos como contrastantes, expres\u00f3 un reporte de INTA Informa.<\/p>\n<p style=\"color: #333333;\">Di Bella sostuvo que \u00abla variabilidad clim\u00e1tica siempre existi\u00f3, aunque en los \u00faltimos a\u00f1os se intensific\u00f3. As\u00ed, surgieron situaciones extremas de d\u00e9ficit y exceso de precipitaciones\u00bb.<\/p>\n<p style=\"color: #333333;\">\u00abEl punto es que se est\u00e1 viendo, a escala mundial y por un efecto global, una mayor variabilidad clim\u00e1tica entre a\u00f1os. Es decir, que nos movemos entre picos extremos cada vez m\u00e1s vers\u00e1tiles\u00bb, denunci\u00f3 el especialista. Explic\u00f3 que \u00abse trata de fen\u00f3menos muy complejos cuya estimaci\u00f3n, en t\u00e9rminos temporales y espaciales, resulta realmente muy complicado\u00bb, a pesar de que esta informaci\u00f3n es cada vez m\u00e1s demandada por los productores a fin de orientar la toma de decisiones.<\/p>\n<p style=\"color: #333333;\">Di Bella sostuvo que \u00abpronosticar es conocer lo futuro por indicios\u00bb, y a fin de que los pron\u00f3sticos sean cada vez m\u00e1s certeros, \u00ablos organismos y los cient\u00edficos debemos integrar m\u00e1s indicios\u00bb.<\/p>\n<p style=\"color: #333333;\">El Servicio Meteorol\u00f3gico Nacional sostiene que \u00abel estado actual es neutral con bajas probabilidades de desarrollo del fen\u00f3meno El Ni\u00f1o\u00bb. El informe del INTA se\u00f1ala que \u00aben lo que va del a\u00f1o, en el pa\u00eds hubo situaciones clim\u00e1ticas contrastantes con anomal\u00edas en las precipitaciones con excesos h\u00eddricos en Santa Fe, noreste de C\u00f3rdoba, San Luis y parte de la Mesopotamia, y d\u00e9ficit en Buenos Aires, San Juan y otras regiones de la Patagonia\u00bb.<\/p>\n<p style=\"color: #333333;\">Para abril y mayo pronostican una condici\u00f3n superior a lo normal de lluvias para el norte y sudeste de Buenos Aires, C\u00f3rdoba, Santa Fe y la Mesopotamia, mientras que el resto del pa\u00eds tendr\u00e1 condiciones normales. En relaci\u00f3n con el d\u00e9ficit h\u00eddrico presente en San Juan y en la Patagonia, se inform\u00f3 que continuar\u00e1 la situaci\u00f3n de escasez, algo normal y esperable para esta \u00e9poca del a\u00f1o.<\/p>\n<p style=\"color: #333333;\">\n<\/div>\n<div class=\"copyright\" style=\"color: #333333;\">\n<div class=\"author\">\u00c1mbito Financiero<\/div>\n<\/div>\n<div class=\"sharecontent\" style=\"color: #333333;\">\n<div id=\"fb-root\" class=\" fb_reset\" style=\"color: #000000;\">\n<div><\/div>\n<\/div>\n<\/div>\n","protected":false},"excerpt":{"rendered":"<p>En febrero y parte de marzo, las intensas precipitaciones en algunas regiones de Santa Fe y de C\u00f3rdoba provocaron anegamientos<\/p>\n","protected":false},"author":5,"featured_media":0,"comment_status":"open","ping_status":"open","sticky":false,"template":"","format":"standard","meta":[],"categories":[42],"tags":[95,1959],"_links":{"self":[{"href":"http:\/\/rurallascolonias.com.ar\/index.php?rest_route=\/wp\/v2\/posts\/6292"}],"collection":[{"href":"http:\/\/rurallascolonias.com.ar\/index.php?rest_route=\/wp\/v2\/posts"}],"about":[{"href":"http:\/\/rurallascolonias.com.ar\/index.php?rest_route=\/wp\/v2\/types\/post"}],"author":[{"embeddable":true,"href":"http:\/\/rurallascolonias.com.ar\/index.php?rest_route=\/wp\/v2\/users\/5"}],"replies":[{"embeddable":true,"href":"http:\/\/rurallascolonias.com.ar\/index.php?rest_route=%2Fwp%2Fv2%2Fcomments&post=6292"}],"version-history":[{"count":1,"href":"http:\/\/rurallascolonias.com.ar\/index.php?rest_route=\/wp\/v2\/posts\/6292\/revisions"}],"predecessor-version":[{"id":6294,"href":"http:\/\/rurallascolonias.com.ar\/index.php?rest_route=\/wp\/v2\/posts\/6292\/revisions\/6294"}],"wp:attachment":[{"href":"http:\/\/rurallascolonias.com.ar\/index.php?rest_route=%2Fwp%2Fv2%2Fmedia&parent=6292"}],"wp:term":[{"taxonomy":"category","embeddable":true,"href":"http:\/\/rurallascolonias.com.ar\/index.php?rest_route=%2Fwp%2Fv2%2Fcategories&post=6292"},{"taxonomy":"post_tag","embeddable":true,"href":"http:\/\/rurallascolonias.com.ar\/index.php?rest_route=%2Fwp%2Fv2%2Ftags&post=6292"}],"curies":[{"name":"wp","href":"https:\/\/api.w.org\/{rel}","templated":true}]}}