{"id":629,"date":"2013-12-23T16:59:31","date_gmt":"2013-12-23T16:59:31","guid":{"rendered":"http:\/\/rurallascolonias.com.ar\/?p=629"},"modified":"2013-12-23T16:59:31","modified_gmt":"2013-12-23T16:59:31","slug":"grobocopatel-ya-casi-no-es-rentable-dedicarse-a-la-agricultura","status":"publish","type":"post","link":"http:\/\/rurallascolonias.com.ar\/?p=629","title":{"rendered":"GROBOCOPATEL: \u00abYa casi no es rentable dedicarse a la agricultura\u00bb"},"content":{"rendered":"<p><a href=\"http:\/\/rurallascolonias.com.ar\/wp-content\/uploads\/2013\/12\/gustavo-grobocopatel-631-x-280.jpg\"><img loading=\"lazy\" class=\"alignleft  wp-image-630\" alt=\"gustavo-grobocopatel-631-x-280\" src=\"http:\/\/rurallascolonias.com.ar\/wp-content\/uploads\/2013\/12\/gustavo-grobocopatel-631-x-280.jpg\" width=\"379\" height=\"168\" srcset=\"http:\/\/rurallascolonias.com.ar\/wp-content\/uploads\/2013\/12\/gustavo-grobocopatel-631-x-280.jpg 631w, http:\/\/rurallascolonias.com.ar\/wp-content\/uploads\/2013\/12\/gustavo-grobocopatel-631-x-280-300x133.jpg 300w, http:\/\/rurallascolonias.com.ar\/wp-content\/uploads\/2013\/12\/gustavo-grobocopatel-631-x-280-600x266.jpg 600w, http:\/\/rurallascolonias.com.ar\/wp-content\/uploads\/2013\/12\/gustavo-grobocopatel-631-x-280-624x276.jpg 624w\" sizes=\"(max-width: 379px) 100vw, 379px\" \/><\/a>El empresario analiz\u00f3 la situaci\u00f3n del agro: destac\u00f3 que fue \u00abuna d\u00e9cada muy positiva\u00bb, pero critic\u00f3 la \u00abpresi\u00f3n impositiva\u00bb que sufre el sector y consider\u00f3 que falta inversi\u00f3n privada porque \u00abno hay reglas claras\u00bb.<!--more--><\/p>\n<p>\u00abYa casi no es rentable dedicarse a la agricultura por el aumento de los costos, los bajos rindes que generan las sequ\u00edas, la presi\u00f3n impositiva y porque las retenciones no van contra las ganancias sino contra la facturaci\u00f3n; de esa manera, el que pierde m\u00e1s, paga m\u00e1s\u00bb. As\u00ed de contundente fue el diagn\u00f3stico que realiz\u00f3 Gustavo Grobocopatel, al analizar la actualidad del campo.<\/p>\n<p>En el mismo sentido, el denominado \u00abrey de la soja\u00bb consider\u00f3: \u00abEsa es una combinaci\u00f3n explosiva que nos lleva hacia el pasado. El conjunto de impuestos en el sector equivale al 80% de la utilidad. No puede haber inversi\u00f3n sin rentabilidad\u00bb.<\/p>\n<p>Para el titular del Grupo Los Grobo, el conflicto por la falta de reasignaci\u00f3n de recursos amerita una explicaci\u00f3n: \u00abLo que falta no es la inversi\u00f3n del Estado, sino la privada; para eso hay que incentivar a los empresarios, que no apuestan en investigaci\u00f3n y desarrollo porque hay una visi\u00f3n cortoplacista\u00bb.<\/p>\n<p>El empresario agropecuario reforz\u00f3 su teor\u00eda con una cr\u00edtica que profundiz\u00f3 el concepto: \u00abAc\u00e1 hay shocks permanentes en la econom\u00eda, no tenemos estabilidad a largo plazo, no hay reglas claras&#8230; En la medida que se revierta eso, los empresarios volveremos\u00bb a invertir en desarrollo.<\/p>\n<p>Pese a todo, Grobocopatel consider\u00f3 que el balance de todo lo que sucedi\u00f3 en estos a\u00f1os es positivo: \u00abEs una d\u00e9cada aprendida, las circunstancias te ponen frente al \u00e9xito, al fracaso y enfrentas obst\u00e1culos. Desde el punto de vista empresarial fue una d\u00e9cada muy positiva\u00bb.<\/p>\n<p>Al analizar lo que sucede con la falta de trigo, el empresario consider\u00f3: \u00abHoy Argentina deber\u00eda producir 130 millones de toneladas de trigo y el pa\u00eds deber\u00eda ser un proveedor mundial de galletitas y pastas. Sucede que se achic\u00f3 el margen y se entr\u00f3 en un c\u00edrculo vicioso, cuando deber\u00eda ser virtuoso\u00bb.<\/p>\n<p>\u00abHay que producir m\u00e1s, no hay que poner el pie encima. Y si le cobramos impuestos al campo en esta cantidad, no se pueden evitar las consecuencias. Hay que generar una explosi\u00f3n productiva\u00bb, reclam\u00f3 Grobocopatel.<\/p>\n<p>Finalmente, al ser consultado sobre qu\u00e9 le pedir\u00eda al Gobierno, el empresario se\u00f1al\u00f3: \u00abMe gustar\u00eda que est\u00e9n cerca de donde ocurren las cosas, para que puedan entender por qu\u00e9 suceden. Me parece que hay que generar un espacio de di\u00e1logo y a partir de ah\u00ed reconstruir un proceso colectivo\u00bb.<\/p>\n<p>Fuente: infocampo<\/p>\n","protected":false},"excerpt":{"rendered":"<p>El empresario analiz\u00f3 la situaci\u00f3n del agro: destac\u00f3 que fue \u00abuna d\u00e9cada muy positiva\u00bb, pero critic\u00f3 la \u00abpresi\u00f3n impositiva\u00bb que sufre el sector y consider\u00f3 que falta inversi\u00f3n privada porque \u00abno hay reglas claras\u00bb.<\/p>\n","protected":false},"author":5,"featured_media":0,"comment_status":"closed","ping_status":"closed","sticky":false,"template":"","format":"standard","meta":[],"categories":[14],"tags":[247],"_links":{"self":[{"href":"http:\/\/rurallascolonias.com.ar\/index.php?rest_route=\/wp\/v2\/posts\/629"}],"collection":[{"href":"http:\/\/rurallascolonias.com.ar\/index.php?rest_route=\/wp\/v2\/posts"}],"about":[{"href":"http:\/\/rurallascolonias.com.ar\/index.php?rest_route=\/wp\/v2\/types\/post"}],"author":[{"embeddable":true,"href":"http:\/\/rurallascolonias.com.ar\/index.php?rest_route=\/wp\/v2\/users\/5"}],"replies":[{"embeddable":true,"href":"http:\/\/rurallascolonias.com.ar\/index.php?rest_route=%2Fwp%2Fv2%2Fcomments&post=629"}],"version-history":[{"count":1,"href":"http:\/\/rurallascolonias.com.ar\/index.php?rest_route=\/wp\/v2\/posts\/629\/revisions"}],"predecessor-version":[{"id":631,"href":"http:\/\/rurallascolonias.com.ar\/index.php?rest_route=\/wp\/v2\/posts\/629\/revisions\/631"}],"wp:attachment":[{"href":"http:\/\/rurallascolonias.com.ar\/index.php?rest_route=%2Fwp%2Fv2%2Fmedia&parent=629"}],"wp:term":[{"taxonomy":"category","embeddable":true,"href":"http:\/\/rurallascolonias.com.ar\/index.php?rest_route=%2Fwp%2Fv2%2Fcategories&post=629"},{"taxonomy":"post_tag","embeddable":true,"href":"http:\/\/rurallascolonias.com.ar\/index.php?rest_route=%2Fwp%2Fv2%2Ftags&post=629"}],"curies":[{"name":"wp","href":"https:\/\/api.w.org\/{rel}","templated":true}]}}